{"id":209197,"date":"2025-05-23T13:48:17","date_gmt":"2025-05-23T16:48:17","guid":{"rendered":"https:\/\/corrientesdetarde.com\/?p=209197"},"modified":"2025-05-23T13:48:20","modified_gmt":"2025-05-23T16:48:20","slug":"ladron-le-robo-la-bicicleta-a-su-propia-sobrina","status":"publish","type":"post","link":"https:\/\/corrientesdetarde.com\/index.php\/policiales\/ladron-le-robo-la-bicicleta-a-su-propia-sobrina\/","title":{"rendered":"Ladr\u00f3n le rob\u00f3 la bicicleta a su propia sobrina"},"content":{"rendered":"\n<p>Seg\u00fan el informe policial, el m\u00f3vil C-278 del destacamento recibi\u00f3 un llamado del 911 que alertaba sobre el robo de una bicicleta de ni\u00f1o.<\/p>\n\n\n<div class=\"wp-block-image\">\n<figure class=\"aligncenter size-full\"><img loading=\"lazy\" decoding=\"async\" width=\"380\" height=\"204\" src=\"https:\/\/corrientesdetarde.com\/wp-content\/uploads\/2025\/05\/image-852.png\" alt=\"\" class=\"wp-image-209200\" srcset=\"https:\/\/corrientesdetarde.com\/wp-content\/uploads\/2025\/05\/image-852.png 380w, https:\/\/corrientesdetarde.com\/wp-content\/uploads\/2025\/05\/image-852-300x161.png 300w\" sizes=\"auto, (max-width: 380px) 100vw, 380px\" \/><\/figure>\n<\/div>\n\n\n<p>Los agentes se entrevistaron con R. Quintana, domiciliado en Juan Manuel de Rosas 1552, quien manifest\u00f3 que su sobrino hab\u00eda sustra\u00eddo el rodado perteneciente a su nieta.<\/p>\n\n\n\n<p>Durante un patrullaje por las inmediaciones, los efectivos policiales visualizaron al menor con la bicicleta en mano, ofreci\u00e9ndola a los vecinos. Procedieron a interceptarlo, demorarlo y secuestrar el rodado. Posteriormente, fue trasladado a la Comisar\u00eda S\u00e9ptima, jurisdiccional en la zona.<\/p>\n\n\n\n<p>Al corroborar la identidad del demorado, identificado como Quintana M. A., alias &#8220;Morcillita&#8221; del Barrio Santa Mar\u00eda, a trav\u00e9s del sistema de emergencia 911, se constat\u00f3 que pose\u00eda un pedido activo de DETENCI\u00d3N EN LA V\u00cdA P\u00daBLICA por DA\u00d1O SIMPLE Y DESOBEDIENCIA JUDICIAL, emitido por la OFIJU con fecha 28 de enero de 2025.<\/p>\n\n\n\n<p>La bicicleta infantil secuestrada es de color violeta con blanco y cuenta con ruedas de apoyo traseras.<\/p>\n\n\n\n<p>En la dependencia policial se labr\u00f3 el acta correspondiente, y el menor qued\u00f3 a disposici\u00f3n de las autoridades para continuar con los tr\u00e1mites legales pertinentes, dada la existencia del pedido de detenci\u00f3n previo.<\/p>\n","protected":false},"excerpt":{"rendered":"<p>Seg\u00fan el informe policial, el m\u00f3vil C-278 del destacamento recibi\u00f3 un llamado del 911 que alertaba sobre el robo de una bicicleta de ni\u00f1o. Los agentes se entrevistaron con R.&hellip; <\/p>\n","protected":false},"author":1,"featured_media":141853,"comment_status":"closed","ping_status":"open","sticky":false,"template":"","format":"standard","meta":{"footnotes":""},"categories":[33],"tags":[],"class_list":["post-209197","post","type-post","status-publish","format-standard","has-post-thumbnail","hentry","category-policiales"],"_links":{"self":[{"href":"https:\/\/corrientesdetarde.com\/index.php\/wp-json\/wp\/v2\/posts\/209197","targetHints":{"allow":["GET"]}}],"collection":[{"href":"https:\/\/corrientesdetarde.com\/index.php\/wp-json\/wp\/v2\/posts"}],"about":[{"href":"https:\/\/corrientesdetarde.com\/index.php\/wp-json\/wp\/v2\/types\/post"}],"author":[{"embeddable":true,"href":"https:\/\/corrientesdetarde.com\/index.php\/wp-json\/wp\/v2\/users\/1"}],"replies":[{"embeddable":true,"href":"https:\/\/corrientesdetarde.com\/index.php\/wp-json\/wp\/v2\/comments?post=209197"}],"version-history":[{"count":1,"href":"https:\/\/corrientesdetarde.com\/index.php\/wp-json\/wp\/v2\/posts\/209197\/revisions"}],"predecessor-version":[{"id":209201,"href":"https:\/\/corrientesdetarde.com\/index.php\/wp-json\/wp\/v2\/posts\/209197\/revisions\/209201"}],"wp:featuredmedia":[{"embeddable":true,"href":"https:\/\/corrientesdetarde.com\/index.php\/wp-json\/wp\/v2\/media\/141853"}],"wp:attachment":[{"href":"https:\/\/corrientesdetarde.com\/index.php\/wp-json\/wp\/v2\/media?parent=209197"}],"wp:term":[{"taxonomy":"category","embeddable":true,"href":"https:\/\/corrientesdetarde.com\/index.php\/wp-json\/wp\/v2\/categories?post=209197"},{"taxonomy":"post_tag","embeddable":true,"href":"https:\/\/corrientesdetarde.com\/index.php\/wp-json\/wp\/v2\/tags?post=209197"}],"curies":[{"name":"wp","href":"https:\/\/api.w.org\/{rel}","templated":true}]}}