{"id":209203,"date":"2025-05-23T16:38:17","date_gmt":"2025-05-23T19:38:17","guid":{"rendered":"https:\/\/corrientesdetarde.com\/?p=209203"},"modified":"2025-05-23T16:38:28","modified_gmt":"2025-05-23T19:38:28","slug":"arteco-en-la-legislatura-el-vicegobernador-inauguro-la-muestra-dos-maestros-dos-mundos","status":"publish","type":"post","link":"https:\/\/corrientesdetarde.com\/index.php\/eventossociedad\/arteco-en-la-legislatura-el-vicegobernador-inauguro-la-muestra-dos-maestros-dos-mundos\/","title":{"rendered":"ArteCo en la Legislatura: El Vicegobernador inaugur\u00f3 la muestra \u201cDos maestros, dos mundos\u201d"},"content":{"rendered":"\n<p><\/p>\n\n\n\n<p>La Vicegobernaci\u00f3n de la provincia junto con el Instituto de Cultura presentaron este viernes \u201cDos maestros, dos mundos. Memoria y legado\u201d, muestra homenaje a los artistas Lucho Olivera y Luis Llarens, en el Sal\u00f3n de los Pasos Perdidos de la Legislatura, y forma parte del circuito de la 7ma edici\u00f3n de ArteCo, la Feria de Arte Contempor\u00e1neo de Corrientes.<\/p>\n\n\n\n<p>La apertura art\u00edstica musical estuvo a cargo de la Directora de la Coral Corrientes, Carolina Garc\u00eda Ferreyra, y de Gory Varela, Director de la Orquesta Folkl\u00f3rica de la provincia de Corrientes.<\/p>\n\n\n\n<p>A continuaci\u00f3n, la Presidente del Instituto de Cultura, Beatriz Kunin, destac\u00f3: \u201cQue el Sal\u00f3n de los Pasos Perdidos sea tambi\u00e9n parte del circuito de Arteco brinda notoriedad a este espacio que, desde el \u00e1rea de Cultura Senado, apuntala la labor cultural, en beneficio de las artes correntinas\u201d.<\/p>\n\n\n\n<p>Al dirigir unas palabras, el Vicegobernador ratific\u00f3 \u201cuna vez m\u00e1s, con esta exposici\u00f3n nos sumamos a las acciones que llevamos adelante desde la Legislatura para acompa\u00f1ar la cultura en Corrientes\u201d. Y agreg\u00f3 \u201csi bien ArteCo destaca las obras de artistas en vida, en esta oportunidad se decidi\u00f3 mostrar el legado de estos artistas\u201d.<\/p>\n\n\n\n<p>Por su parte el curador de la Muestra, Luis Bogado, destac\u00f3 la trayectoria de los artistas homenajeados. Posteriormente Maria Bar, ley\u00f3 el poema Inaceptado&#8221; publicado en la antolog\u00eda de poemas y canciones de Llarens.<\/p>\n\n\n\n<p>Seguidamente se hizo entrega de declaraciones de inter\u00e9s legislativo a los familiares de los artistas.<\/p>\n\n\n\n<p>La muestra estar\u00e1 disponible del 23 al 25 de mayo en el marco del Circuito ArteCo de 14 a 21 h. y luego hasta el d\u00eda 13 de junio en el Sal\u00f3n de los Pasos Perdidos de la Legislatura Provincial (Salta 545) con acceso libre y gratuito.<\/p>\n\n\n\n<p>Los artistas<\/p>\n\n\n\n<p>Esta muestra rinde tributo a la herencia art\u00edstica de Corrientes, destacando la profundidad y versatilidad de sus exponentes:<\/p>\n\n\n\n<p>Luis Llarens, inmortaliz\u00f3 paisajes y emociones con su pincel. Desarroll\u00f3 una vasta trayectoria en distintos \u00e1mbitos, dejando su impronta en la historia del arte de la provincia.<\/p>\n\n\n\n<p>Luis \u201cLucho\u201d Olivera, fue alumno del maestro Rub\u00e9n Vispo, narr\u00f3 gestas y cre\u00f3 h\u00e9roes desde la historieta, dejando una huella profunda en la cultura popular. Creador de grandes \u00edconos de la historieta argentina como Gilgamesh el inmortal y Nippur de Lagash, entre tantos otros personajes.<\/p>\n\n\n\n<p>El curador de esta muestra es Luis Bogado, Licenciado en Artes Visuales de la Universidad Nacional del Nordeste, se desempe\u00f1\u00f3 en diversos organismos provinciales relacionados con la educaci\u00f3n. Maestro en Artes Visuales por el Instituto de Bellas Artes e Idiomas \u201cJosefina Contte&#8221; y ex director del Museo Provincial de Bellas Artes \u201cDr. Juan Ram\u00f3n Vidal\u201d de Corrientes<\/p>\n\n\n\n<figure class=\"wp-block-image size-large\"><img loading=\"lazy\" decoding=\"async\" width=\"1024\" height=\"683\" src=\"https:\/\/corrientesdetarde.com\/wp-content\/uploads\/2025\/05\/Imagen-de-WhatsApp-2025-05-23-a-las-16.33.26_5039ac9b-1024x683.jpg\" alt=\"\" class=\"wp-image-209208\" srcset=\"https:\/\/corrientesdetarde.com\/wp-content\/uploads\/2025\/05\/Imagen-de-WhatsApp-2025-05-23-a-las-16.33.26_5039ac9b-1024x683.jpg 1024w, https:\/\/corrientesdetarde.com\/wp-content\/uploads\/2025\/05\/Imagen-de-WhatsApp-2025-05-23-a-las-16.33.26_5039ac9b-300x200.jpg 300w, https:\/\/corrientesdetarde.com\/wp-content\/uploads\/2025\/05\/Imagen-de-WhatsApp-2025-05-23-a-las-16.33.26_5039ac9b-768x512.jpg 768w, https:\/\/corrientesdetarde.com\/wp-content\/uploads\/2025\/05\/Imagen-de-WhatsApp-2025-05-23-a-las-16.33.26_5039ac9b-1536x1024.jpg 1536w, https:\/\/corrientesdetarde.com\/wp-content\/uploads\/2025\/05\/Imagen-de-WhatsApp-2025-05-23-a-las-16.33.26_5039ac9b.jpg 1599w\" sizes=\"auto, (max-width: 1024px) 100vw, 1024px\" \/><\/figure>\n\n\n\n<figure class=\"wp-block-image size-large\"><img loading=\"lazy\" decoding=\"async\" width=\"1024\" height=\"683\" src=\"https:\/\/corrientesdetarde.com\/wp-content\/uploads\/2025\/05\/Imagen-de-WhatsApp-2025-05-23-a-las-16.33.28_6156d54d-1024x683.jpg\" alt=\"\" class=\"wp-image-209209\" srcset=\"https:\/\/corrientesdetarde.com\/wp-content\/uploads\/2025\/05\/Imagen-de-WhatsApp-2025-05-23-a-las-16.33.28_6156d54d-1024x683.jpg 1024w, https:\/\/corrientesdetarde.com\/wp-content\/uploads\/2025\/05\/Imagen-de-WhatsApp-2025-05-23-a-las-16.33.28_6156d54d-300x200.jpg 300w, https:\/\/corrientesdetarde.com\/wp-content\/uploads\/2025\/05\/Imagen-de-WhatsApp-2025-05-23-a-las-16.33.28_6156d54d-768x512.jpg 768w, https:\/\/corrientesdetarde.com\/wp-content\/uploads\/2025\/05\/Imagen-de-WhatsApp-2025-05-23-a-las-16.33.28_6156d54d-1536x1024.jpg 1536w, https:\/\/corrientesdetarde.com\/wp-content\/uploads\/2025\/05\/Imagen-de-WhatsApp-2025-05-23-a-las-16.33.28_6156d54d.jpg 1599w\" sizes=\"auto, (max-width: 1024px) 100vw, 1024px\" \/><\/figure>\n","protected":false},"excerpt":{"rendered":"<p>La Vicegobernaci\u00f3n de la provincia junto con el Instituto de Cultura presentaron este viernes \u201cDos maestros, dos mundos. Memoria y legado\u201d, muestra homenaje a los artistas Lucho Olivera y Luis&hellip; <\/p>\n","protected":false},"author":1,"featured_media":209207,"comment_status":"closed","ping_status":"open","sticky":false,"template":"","format":"standard","meta":{"footnotes":""},"categories":[1208],"tags":[],"class_list":["post-209203","post","type-post","status-publish","format-standard","has-post-thumbnail","hentry","category-eventossociedad"],"_links":{"self":[{"href":"https:\/\/corrientesdetarde.com\/index.php\/wp-json\/wp\/v2\/posts\/209203","targetHints":{"allow":["GET"]}}],"collection":[{"href":"https:\/\/corrientesdetarde.com\/index.php\/wp-json\/wp\/v2\/posts"}],"about":[{"href":"https:\/\/corrientesdetarde.com\/index.php\/wp-json\/wp\/v2\/types\/post"}],"author":[{"embeddable":true,"href":"https:\/\/corrientesdetarde.com\/index.php\/wp-json\/wp\/v2\/users\/1"}],"replies":[{"embeddable":true,"href":"https:\/\/corrientesdetarde.com\/index.php\/wp-json\/wp\/v2\/comments?post=209203"}],"version-history":[{"count":1,"href":"https:\/\/corrientesdetarde.com\/index.php\/wp-json\/wp\/v2\/posts\/209203\/revisions"}],"predecessor-version":[{"id":209210,"href":"https:\/\/corrientesdetarde.com\/index.php\/wp-json\/wp\/v2\/posts\/209203\/revisions\/209210"}],"wp:featuredmedia":[{"embeddable":true,"href":"https:\/\/corrientesdetarde.com\/index.php\/wp-json\/wp\/v2\/media\/209207"}],"wp:attachment":[{"href":"https:\/\/corrientesdetarde.com\/index.php\/wp-json\/wp\/v2\/media?parent=209203"}],"wp:term":[{"taxonomy":"category","embeddable":true,"href":"https:\/\/corrientesdetarde.com\/index.php\/wp-json\/wp\/v2\/categories?post=209203"},{"taxonomy":"post_tag","embeddable":true,"href":"https:\/\/corrientesdetarde.com\/index.php\/wp-json\/wp\/v2\/tags?post=209203"}],"curies":[{"name":"wp","href":"https:\/\/api.w.org\/{rel}","templated":true}]}}