{"id":209204,"date":"2025-05-23T16:34:03","date_gmt":"2025-05-23T19:34:03","guid":{"rendered":"https:\/\/corrientesdetarde.com\/?p=209204"},"modified":"2025-05-24T09:05:53","modified_gmt":"2025-05-24T12:05:53","slug":"incendio-en-un-edificio-ubicado-en-pleno-centro-de-corrientes","status":"publish","type":"post","link":"https:\/\/corrientesdetarde.com\/index.php\/destacados\/incendio-en-un-edificio-ubicado-en-pleno-centro-de-corrientes\/","title":{"rendered":"Incendio destruy\u00f3 departamento en el \u00faltimo piso de un edificio"},"content":{"rendered":"\n<p>El incendio generado en el \u00faltimo piso de un edificio del centro de Corrientes provoc\u00f3 cuantiosos da\u00f1os materiales, una evacuaci\u00f3n masiva y el despliegue de cuatro dotaciones de bomberos.<\/p>\n\n\n\n<p>Por m\u00e1s de dos horas, los socorristas trabajaron en forma denodada hasta extinguir el siniestro sin que se registrara persona alguna lesionada o afectada por el fuego y el humo.<\/p>\n\n\n\n<p>Algunos indicios apuntar\u00edan a la hip\u00f3tesis de un presunto cortocircuito en un electrodom\u00e9stico como la causa probable del inicio de las llamas en el noveno piso de la estructura levantada en la intersecci\u00f3n de las calles Hip\u00f3lito Yrigoyen y Buenos Aires.<\/p>\n\n\n\n<p>Alrededor de las 14:10, efectivos de la Comisar\u00eda Primera solicitaron presencia urgente de bomberos al Cuartel Central luego de primeros llamados telef\u00f3nicos al sistema 911.<\/p>\n\n\n\n<p>Bomberos de la Polic\u00eda como bomberos voluntarios trabajaron en forma conjunta, para combatir el incendio que afect\u00f3 uno de los departamentos de la parte superior del edificio llamado &#8220;Torre Cruz&#8221;, con su balc\u00f3n hacia la calle Buenos Aires al 1000.<\/p>\n\n\n\n<figure class=\"wp-block-image\"><img decoding=\"async\" src=\"https:\/\/www.diarioepoca.com\/content\/bucket\/8\/1430618h720.jpg.webp\" alt=\"epc240525-010f02.jpg\"\/><\/figure>\n\n\n\n<figure class=\"wp-block-image\"><img decoding=\"async\" src=\"https:\/\/www.diarioepoca.com\/content\/bucket\/9\/1430619w790h720.jpg.webp\" alt=\"epc240525-010f03.jpg\"\/><\/figure>\n\n\n\n<figure class=\"wp-block-image\"><img decoding=\"async\" src=\"https:\/\/www.diarioepoca.com\/content\/bucket\/0\/1430620h720.jpg.webp\" alt=\"epc240525-010f04.jpg\"\/><\/figure>\n\n\n\n<p><\/p>\n\n\n\n<p>Decenas de personas comenzaron a agolparse en las inmediaciones mientras la Polic\u00eda y agentes de tr\u00e1nsito hac\u00edan el desv\u00edo de veh\u00edculos.<\/p>\n\n\n\n<p>Los bomberos utilizaron varias l\u00edneas de mangueras, m\u00e1scaras conectadas a tubos de ox\u00edgeno, linternas y extintores.<\/p>\n\n\n\n<p>Para llegar a lo m\u00e1s alto del edificio lo hicieron por las escaleras casi a oscuras, ya que la torre qued\u00f3 moment\u00e1neamente sin suministro el\u00e9ctrico.<\/p>\n\n\n\n<p>Sillas, mesa, el cielorraso, puertas, ventanas, cortinas, electrodom\u00e9sticos y todo tipo de objetos de uso personal fueron completamente consumidas o da\u00f1adas por la acci\u00f3n del fuego.<\/p>\n\n\n\n<p>Las pericias para intentar determinar el origen del siniestro quedaron a cargo de personal especializado de Bomberos de Polic\u00eda.<\/p>\n","protected":false},"excerpt":{"rendered":"<p>El incendio generado en el \u00faltimo piso de un edificio del centro de Corrientes provoc\u00f3 cuantiosos da\u00f1os materiales, una evacuaci\u00f3n masiva y el despliegue de cuatro dotaciones de bomberos. Por&hellip; <\/p>\n","protected":false},"author":1,"featured_media":209205,"comment_status":"closed","ping_status":"open","sticky":false,"template":"","format":"standard","meta":{"footnotes":""},"categories":[26],"tags":[],"class_list":["post-209204","post","type-post","status-publish","format-standard","has-post-thumbnail","hentry","category-destacados"],"_links":{"self":[{"href":"https:\/\/corrientesdetarde.com\/index.php\/wp-json\/wp\/v2\/posts\/209204","targetHints":{"allow":["GET"]}}],"collection":[{"href":"https:\/\/corrientesdetarde.com\/index.php\/wp-json\/wp\/v2\/posts"}],"about":[{"href":"https:\/\/corrientesdetarde.com\/index.php\/wp-json\/wp\/v2\/types\/post"}],"author":[{"embeddable":true,"href":"https:\/\/corrientesdetarde.com\/index.php\/wp-json\/wp\/v2\/users\/1"}],"replies":[{"embeddable":true,"href":"https:\/\/corrientesdetarde.com\/index.php\/wp-json\/wp\/v2\/comments?post=209204"}],"version-history":[{"count":2,"href":"https:\/\/corrientesdetarde.com\/index.php\/wp-json\/wp\/v2\/posts\/209204\/revisions"}],"predecessor-version":[{"id":209253,"href":"https:\/\/corrientesdetarde.com\/index.php\/wp-json\/wp\/v2\/posts\/209204\/revisions\/209253"}],"wp:featuredmedia":[{"embeddable":true,"href":"https:\/\/corrientesdetarde.com\/index.php\/wp-json\/wp\/v2\/media\/209205"}],"wp:attachment":[{"href":"https:\/\/corrientesdetarde.com\/index.php\/wp-json\/wp\/v2\/media?parent=209204"}],"wp:term":[{"taxonomy":"category","embeddable":true,"href":"https:\/\/corrientesdetarde.com\/index.php\/wp-json\/wp\/v2\/categories?post=209204"},{"taxonomy":"post_tag","embeddable":true,"href":"https:\/\/corrientesdetarde.com\/index.php\/wp-json\/wp\/v2\/tags?post=209204"}],"curies":[{"name":"wp","href":"https:\/\/api.w.org\/{rel}","templated":true}]}}