{"id":209211,"date":"2025-05-23T20:44:05","date_gmt":"2025-05-23T23:44:05","guid":{"rendered":"https:\/\/corrientesdetarde.com\/?p=209211"},"modified":"2025-05-23T20:44:09","modified_gmt":"2025-05-23T23:44:09","slug":"la-provincia-construye-un-tendido-de-agua-potable-a-lo-largo-de-la-ruta-99","status":"publish","type":"post","link":"https:\/\/corrientesdetarde.com\/index.php\/actualidad\/la-provincia-construye-un-tendido-de-agua-potable-a-lo-largo-de-la-ruta-99\/","title":{"rendered":"La Provincia construye un tendido de agua potable a lo largo de la ruta 99"},"content":{"rendered":"\n<p>El Gobierno Provincial inici\u00f3 en paralelo a la pavimentaci\u00f3n de la ruta 99 , en el tramo comprendido entre las rutas provinciales 5 y 43, la construcci\u00f3n de una red maestra agua potable que facilitar\u00e1 la provisi\u00f3n&nbsp; de alrededor de 1500 conexiones domiciliarias de tan preciado elemento a vecinos de esa \u00e1rea metropolitana de la ciudad de Corrientes.<\/p>\n\n\n\n<p>Esta obra, encarada a trav\u00e9s del Ministerio de Obras y Servicios P\u00fablicos por medio de su Unidad Ejecutora, se desarrolla en el contexto de la pavimentaci\u00f3n de la Ruta Provincial N\u00b099\u00a0 entre la Ruta Provincial N\u00b05 a la altura de Laguna Brava\u00a0 y la Ruta Provincial N\u00b043, acceso a Santa Ana de los Gu\u00e1caras, considerando tanto la urbanizaci\u00f3n existente como la densificaci\u00f3n que se prev\u00e9 a partir de la pavimentaci\u00f3n de los accesos principales.<\/p>\n\n\n\n<figure class=\"wp-block-image size-full\"><img loading=\"lazy\" decoding=\"async\" width=\"1010\" height=\"660\" src=\"https:\/\/corrientesdetarde.com\/wp-content\/uploads\/2025\/05\/image-854.png\" alt=\"\" class=\"wp-image-209218\" srcset=\"https:\/\/corrientesdetarde.com\/wp-content\/uploads\/2025\/05\/image-854.png 1010w, https:\/\/corrientesdetarde.com\/wp-content\/uploads\/2025\/05\/image-854-300x196.png 300w, https:\/\/corrientesdetarde.com\/wp-content\/uploads\/2025\/05\/image-854-768x502.png 768w\" sizes=\"auto, (max-width: 1010px) 100vw, 1010px\" \/><\/figure>\n\n\n\n<p>Con estos trabajos se prev\u00e9 la conexi\u00f3n a la red de agua potable de diversos barrios y lotes ubicados a lo largo de la traza, con un dise\u00f1o calculado para cubrir las necesidades de hasta 1500 usuarios futuros.<\/p>\n\n\n\n<p>La conexi\u00f3n se realiza mediante un empalme con el &#8220;Acueducto a San Luis del Palmar&#8221; en la R.P. N\u00b0 5, y con una tuber\u00eda existente en la intersecci\u00f3n de Cabur\u00e9 y la R.P. N\u00b0 43.<\/p>\n\n\n\n<p>Este\u00a0 nexo de agua atender\u00e1 la demanda de los barrios Dos Lunas, B\u00fafalo, Laguna Pueblo, Solar de los Gu\u00e1caras, as\u00ed como a los lotes individuales a lo largo de la traza de la Ruta Provincial N\u00b099.<\/p>\n\n\n\n<figure class=\"wp-block-image size-full\"><img loading=\"lazy\" decoding=\"async\" width=\"602\" height=\"902\" src=\"https:\/\/corrientesdetarde.com\/wp-content\/uploads\/2025\/05\/image-855.png\" alt=\"\" class=\"wp-image-209219\" srcset=\"https:\/\/corrientesdetarde.com\/wp-content\/uploads\/2025\/05\/image-855.png 602w, https:\/\/corrientesdetarde.com\/wp-content\/uploads\/2025\/05\/image-855-200x300.png 200w\" sizes=\"auto, (max-width: 602px) 100vw, 602px\" \/><\/figure>\n\n\n\n<p><strong>Detalles t\u00e9cnicos<\/strong><\/p>\n\n\n\n<p>El nexo de agua potable es ejecutado utilizando tuber\u00edas de PEAD PE100 SDR26 de DN 200 mm, con el fin de asegurar una distribuci\u00f3n eficiente y de alta calidad del agua. El empalme al sistema existente se realizar\u00e1 de la siguiente manera:<\/p>\n\n\n\n<p>En la Ruta Nacional N\u00b05, se conectar\u00e1 a la tuber\u00eda de A\u00b0C\u00b0 DN 400 mm del \u201cAcueducto a San Luis del Palmar\u201d.<\/p>\n\n\n\n<p>En la intersecci\u00f3n de Cabur\u00e9 con la Ruta Provincial N\u00b043, se realizar\u00e1 el empalme a la tuber\u00eda de PEAD DN 200 mm existente.<\/p>\n\n\n\n<p><strong>Descripci\u00f3n de los Trabajos<\/strong><\/p>\n\n\n\n<p>Tras la adecuaci\u00f3n del terreno para la correcta colocaci\u00f3n de las ca\u00f1er\u00edas y otros componentes del sistema de agua potable, se instalan ca\u00f1os de PEAD PE100 SDR26 con di\u00e1metro de 200 mm, as\u00ed como&nbsp; v\u00e1lvulas exclusas y\/o de aire de 110 mm y 200 mm de di\u00e1metro, a efectos de controlar la presi\u00f3n y permitir la purga del sistema. Tambi\u00e9n se colocar\u00e1n hidrantes de di\u00e1metro 75 mm para la protecci\u00f3n y seguridad contra incendios.<\/p>\n\n\n\n<p>En cuanto a las conexiones domiciliarias, se realizar\u00e1n conexiones domiciliarias tanto las cortas como largas y especiales, asegurando que los todos usuarios finales puedan acceder al servicio de agua potable, dado que la red de agua potable dise\u00f1ada est\u00e1 pensada para satisfacer las necesidades de los habitantes actuales y futuros, garantizando un servicio de calidad a trav\u00e9s de una infraestructura moderna y eficiente.<\/p>\n\n\n\n<p>Es de destacar, que la pavimentaci\u00f3n de la Ruta Provincial N\u00b099 y el tendido de la red de agua potable mejorar\u00e1n la calidad de vida de los residentes y permitir\u00e1n un desarrollo urbano ordenado y sostenible en la zona.<\/p>\n","protected":false},"excerpt":{"rendered":"<p>El Gobierno Provincial inici\u00f3 en paralelo a la pavimentaci\u00f3n de la ruta 99 , en el tramo comprendido entre las rutas provinciales 5 y 43, la construcci\u00f3n de una red&hellip; <\/p>\n","protected":false},"author":4,"featured_media":209220,"comment_status":"closed","ping_status":"open","sticky":false,"template":"","format":"standard","meta":{"footnotes":""},"categories":[23],"tags":[],"class_list":["post-209211","post","type-post","status-publish","format-standard","has-post-thumbnail","hentry","category-actualidad"],"_links":{"self":[{"href":"https:\/\/corrientesdetarde.com\/index.php\/wp-json\/wp\/v2\/posts\/209211","targetHints":{"allow":["GET"]}}],"collection":[{"href":"https:\/\/corrientesdetarde.com\/index.php\/wp-json\/wp\/v2\/posts"}],"about":[{"href":"https:\/\/corrientesdetarde.com\/index.php\/wp-json\/wp\/v2\/types\/post"}],"author":[{"embeddable":true,"href":"https:\/\/corrientesdetarde.com\/index.php\/wp-json\/wp\/v2\/users\/4"}],"replies":[{"embeddable":true,"href":"https:\/\/corrientesdetarde.com\/index.php\/wp-json\/wp\/v2\/comments?post=209211"}],"version-history":[{"count":1,"href":"https:\/\/corrientesdetarde.com\/index.php\/wp-json\/wp\/v2\/posts\/209211\/revisions"}],"predecessor-version":[{"id":209221,"href":"https:\/\/corrientesdetarde.com\/index.php\/wp-json\/wp\/v2\/posts\/209211\/revisions\/209221"}],"wp:featuredmedia":[{"embeddable":true,"href":"https:\/\/corrientesdetarde.com\/index.php\/wp-json\/wp\/v2\/media\/209220"}],"wp:attachment":[{"href":"https:\/\/corrientesdetarde.com\/index.php\/wp-json\/wp\/v2\/media?parent=209211"}],"wp:term":[{"taxonomy":"category","embeddable":true,"href":"https:\/\/corrientesdetarde.com\/index.php\/wp-json\/wp\/v2\/categories?post=209211"},{"taxonomy":"post_tag","embeddable":true,"href":"https:\/\/corrientesdetarde.com\/index.php\/wp-json\/wp\/v2\/tags?post=209211"}],"curies":[{"name":"wp","href":"https:\/\/api.w.org\/{rel}","templated":true}]}}