{"id":209216,"date":"2025-05-23T21:08:12","date_gmt":"2025-05-24T00:08:12","guid":{"rendered":"https:\/\/corrientesdetarde.com\/?p=209216"},"modified":"2025-05-23T21:08:17","modified_gmt":"2025-05-24T00:08:17","slug":"tassano-consolido-lazos-de-amistad-e-intercambio-con-funcionario-de-la-embajada-de-alemania","status":"publish","type":"post","link":"https:\/\/corrientesdetarde.com\/index.php\/politica\/tassano-consolido-lazos-de-amistad-e-intercambio-con-funcionario-de-la-embajada-de-alemania\/","title":{"rendered":"Tassano consolid\u00f3 lazos de amistad e intercambio con funcionario de la embajada de Alemania"},"content":{"rendered":"\n<p><em>El intendente recibi\u00f3 a Peter Neven, jefe del departamento de Asuntos Econ\u00f3micos, quien fue declarado hu\u00e9sped de honor de la ciudad. La presencia del diplom\u00e1tico se dio en el marco de la celebraci\u00f3n de los 200 a\u00f1os de la amistad argentino-alemana. Lo acompa\u00f1aron j\u00f3venes integrantes de una red de diplomacia ciudadana latino-alemana.<\/em><\/p>\n\n\n\n<p>En un encuentro especial para la consolidaci\u00f3n de relaciones argentinas-alemanas, el intendente Eduardo Tassano recibi\u00f3 en su despacho al jefe del departamento de Asuntos Econ\u00f3micos de la embajada de Alemania, Peter Neven.<br><br>El diplom\u00e1tico, que fue declarado hu\u00e9sped de honor por el Municipio correntino, estuvo acompa\u00f1ado por integrantes de \u201cJunges Netzwerk\u201d, red de j\u00f3venes de diplomacia ciudadana latino-alemana impulsada por la Fundaci\u00f3n \u201cStiftung Verbundenheit\u201d, que promueve la conexi\u00f3n entre Alemania y las comunidades de habla alemana en el extranjero.&nbsp;<br><br>\u201cRecib\u00ed al ministro Peter Neven y a miembros de la \u2018Junges Netzwerk\u2019 por las celebraciones del 200 aniversario de la amistad argentino-alemana. Un gran momento de intercambio\u201d, destac\u00f3 Tassano tras el encuentro llevado a cabo este jueves por la tarde.<br><br>En efecto, la visita se enmarc\u00f3 en la etapa de celebraci\u00f3n del bicentenario de la amistad argentino-alemana, que refiere a la migraci\u00f3n alemana a nuestro pa\u00eds. El actual per\u00edodo celebratorio se inici\u00f3 en marzo pasado y se extender\u00e1 hasta el 2026 (en octubre de 1825 se concret\u00f3 la primera inmigraci\u00f3n organizada de alemanes a la Argentina), dispuesto por la Federaci\u00f3n Argentino-Alemana.<br><br>De esa forma, en la reuni\u00f3n, Tassano y Neven hablaron de aspectos centrales de la historia de ambos pueblos y tambi\u00e9n sobre posibles canales comunes para una labor mancomunada en temas relacionados al medio ambiente y a la cultura.<\/p>\n\n\n\n<p><\/p>\n","protected":false},"excerpt":{"rendered":"<p>El intendente recibi\u00f3 a Peter Neven, jefe del departamento de Asuntos Econ\u00f3micos, quien fue declarado hu\u00e9sped de honor de la ciudad. La presencia del diplom\u00e1tico se dio en el marco&hellip; <\/p>\n","protected":false},"author":4,"featured_media":209227,"comment_status":"closed","ping_status":"open","sticky":false,"template":"","format":"standard","meta":{"footnotes":""},"categories":[3],"tags":[],"class_list":["post-209216","post","type-post","status-publish","format-standard","has-post-thumbnail","hentry","category-politica"],"_links":{"self":[{"href":"https:\/\/corrientesdetarde.com\/index.php\/wp-json\/wp\/v2\/posts\/209216","targetHints":{"allow":["GET"]}}],"collection":[{"href":"https:\/\/corrientesdetarde.com\/index.php\/wp-json\/wp\/v2\/posts"}],"about":[{"href":"https:\/\/corrientesdetarde.com\/index.php\/wp-json\/wp\/v2\/types\/post"}],"author":[{"embeddable":true,"href":"https:\/\/corrientesdetarde.com\/index.php\/wp-json\/wp\/v2\/users\/4"}],"replies":[{"embeddable":true,"href":"https:\/\/corrientesdetarde.com\/index.php\/wp-json\/wp\/v2\/comments?post=209216"}],"version-history":[{"count":1,"href":"https:\/\/corrientesdetarde.com\/index.php\/wp-json\/wp\/v2\/posts\/209216\/revisions"}],"predecessor-version":[{"id":209228,"href":"https:\/\/corrientesdetarde.com\/index.php\/wp-json\/wp\/v2\/posts\/209216\/revisions\/209228"}],"wp:featuredmedia":[{"embeddable":true,"href":"https:\/\/corrientesdetarde.com\/index.php\/wp-json\/wp\/v2\/media\/209227"}],"wp:attachment":[{"href":"https:\/\/corrientesdetarde.com\/index.php\/wp-json\/wp\/v2\/media?parent=209216"}],"wp:term":[{"taxonomy":"category","embeddable":true,"href":"https:\/\/corrientesdetarde.com\/index.php\/wp-json\/wp\/v2\/categories?post=209216"},{"taxonomy":"post_tag","embeddable":true,"href":"https:\/\/corrientesdetarde.com\/index.php\/wp-json\/wp\/v2\/tags?post=209216"}],"curies":[{"name":"wp","href":"https:\/\/api.w.org\/{rel}","templated":true}]}}