{"id":209217,"date":"2025-05-23T20:50:28","date_gmt":"2025-05-23T23:50:28","guid":{"rendered":"https:\/\/corrientesdetarde.com\/?p=209217"},"modified":"2025-05-23T20:50:40","modified_gmt":"2025-05-23T23:50:40","slug":"este-sabado-se-realizara-la-entrega-de-premios-de-la-septima-edicion-de-arteco","status":"publish","type":"post","link":"https:\/\/corrientesdetarde.com\/index.php\/actualidad\/este-sabado-se-realizara-la-entrega-de-premios-de-la-septima-edicion-de-arteco\/","title":{"rendered":"Este s\u00e1bado se realizar\u00e1 la entrega de premios de la s\u00e9ptima edici\u00f3n de ArteCo"},"content":{"rendered":"\n<p>En la pen\u00faltima jornada de ArteCo, una de las actividades centrales en Galer\u00eda Col\u00f3n ser\u00e1 la entrega de premios a artistas, proyectos, colectivos y galer\u00edas seleccionadas para esta edici\u00f3n que otorga la organizaci\u00f3n a\u00f1o a a\u00f1o. Hasta el domingo 25, la feria sigue abierta al p\u00fablico de 14 a 22 hs, con epicentro en 9 de Julio 1184 y con 10 exhibiciones en el marco del Circuito Arteco en distintos espacios culturales de la ciudad.<\/p>\n\n\n\n<p>Con una exitosa jornada inaugural en la Galer\u00eda Col\u00f3n el jueves 22, la s\u00e9ptima edici\u00f3n de la feria de arte contempor\u00e1neo de Corrientes se puso en marcha recibiendo a la comunidad art\u00edstica de la regi\u00f3n y de pa\u00edses invitados, adem\u00e1s del p\u00fablico en general, que volvi\u00f3 a transitar el espacio que anta\u00f1o ocupara el Ex Gran Cine Col\u00f3n.<\/p>\n\n\n\n<figure class=\"wp-block-image size-large\"><img loading=\"lazy\" decoding=\"async\" width=\"1024\" height=\"683\" src=\"https:\/\/corrientesdetarde.com\/wp-content\/uploads\/2025\/05\/image-856-1024x683.png\" alt=\"\" class=\"wp-image-209222\" srcset=\"https:\/\/corrientesdetarde.com\/wp-content\/uploads\/2025\/05\/image-856-1024x683.png 1024w, https:\/\/corrientesdetarde.com\/wp-content\/uploads\/2025\/05\/image-856-300x200.png 300w, https:\/\/corrientesdetarde.com\/wp-content\/uploads\/2025\/05\/image-856-768x512.png 768w, https:\/\/corrientesdetarde.com\/wp-content\/uploads\/2025\/05\/image-856.png 1358w\" sizes=\"auto, (max-width: 1024px) 100vw, 1024px\" \/><\/figure>\n\n\n\n<p>Organizada por el Gobierno de la Provincia, a trav\u00e9s del Instituto de Cultura de Corrientes que presidente Beatriz Kunin, ArteCo abri\u00f3 sus puertas al p\u00fablico el jueves por la tarde, recibiendo a m\u00e1s de 300 personas en la primera hora de la feria, y reportando m\u00e1s de 50 obras de artistas correntinos y de invitados de Paraguay y Brasil vendidas promediando la jornada.<\/p>\n\n\n\n<p>Este acompa\u00f1amiento desde el Gobierno de la Provincia, a trav\u00e9s del Instituto de Cultura de Corrientes, durante seis a\u00f1os consecutivos hacen de ArteCo un punto de encuentro para artistas, galeristas, curadores, coleccionistas y gestores para destacar la producci\u00f3n local y regional, fomentar el di\u00e1logo entre los actores del sector, y promover la circulaci\u00f3n y exhibici\u00f3n de obras, impulsando la econom\u00eda y el intercambio de conocimientos.<\/p>\n\n\n\n<figure class=\"wp-block-image size-large\"><img loading=\"lazy\" decoding=\"async\" width=\"1024\" height=\"681\" src=\"https:\/\/corrientesdetarde.com\/wp-content\/uploads\/2025\/05\/image-857-1024x681.png\" alt=\"\" class=\"wp-image-209223\" srcset=\"https:\/\/corrientesdetarde.com\/wp-content\/uploads\/2025\/05\/image-857-1024x681.png 1024w, https:\/\/corrientesdetarde.com\/wp-content\/uploads\/2025\/05\/image-857-300x200.png 300w, https:\/\/corrientesdetarde.com\/wp-content\/uploads\/2025\/05\/image-857-768x511.png 768w, https:\/\/corrientesdetarde.com\/wp-content\/uploads\/2025\/05\/image-857.png 1366w\" sizes=\"auto, (max-width: 1024px) 100vw, 1024px\" \/><\/figure>\n\n\n\n<p>El acto inaugural fue encabezado por el gobernador de la provincia, Gustavo Vald\u00e9s, por la presidente del Instituto de Cultura de Corrientes, Beatriz Kunin, el intendente de la ciudad Eduardo Tassano, el curador general de la feria, Joaqu\u00edn Rodr\u00edguez, y otras autoridades provinciales, adem\u00e1s de coleccionistas, galeristas, gestores, artistas y p\u00fablico en general.<\/p>\n\n\n\n<p>En los cinco pisos de la Galer\u00eda Col\u00f3n, que podr\u00e1n visitarse hasta el domingo 25 de mayo, de 14 a 21 hs con acceso libre, en contacto directo con el p\u00fablico y en exhibici\u00f3n participan 27 galer\u00edas de arte, 36 artistas individuales y 23 proyectos y colectivos de Argentina, Brasil y Paraguay que fueron seleccionados por convocatoria p\u00fablica, elegibles para los premios que a\u00f1o a a\u00f1o otorga la feria de arte contempor\u00e1neo de Corrientes.<\/p>\n\n\n\n<p><strong>Los premios<\/strong><\/p>\n\n\n\n<p>Cinco son los premios destinados a reconocer la labor de la producci\u00f3n art\u00edstica de los seleccionados tras convocatorias p\u00fablicas: Premio Adquisi\u00f3n UNNE, Premio Adquisici\u00f3n de Fausto Galer\u00eda (Tucum\u00e1n), Premio In Situ, Premio Residencia la Ira de Dios y Premio &#8220;P\u00farpura Proyecto&#8221;. Los mismos ser\u00e1n entregados este s\u00e1bado desde las 19.<\/p>\n\n\n\n<p><strong>Programaci\u00f3n S\u00e1bado 24 de mayo<\/strong><\/p>\n\n\n\n<p><strong>Galer\u00eda Col\u00f3n | 9 de Julio 1184<\/strong><\/p>\n\n\n\n<p><strong>14.<\/strong>&nbsp;Apertura ArteCo<\/p>\n\n\n\n<p><strong>14.<\/strong>&nbsp;Taller de arte para ni\u00f1os \u201cDescubriendo el Yvera: el agua que brilla\u201d | 5\u00b0 piso<\/p>\n\n\n\n<p><strong>14 a 20.<\/strong>&nbsp;Festival PLAY &#8211; videoarte y cine experimental | 4\u00b0 piso<\/p>\n\n\n\n<p>\u201cPaseo\u201d &#8211; Leonel Vidaurre| \u201cSanto Rey\u201d &#8211; Fernando Cattaneo| \u201cSantos Ruteros\u201d &#8211; Juan Ignacio Slobayen| \u201cVistas\u201d &#8211; Juan Ignacio Slobayen| \u201cUna sola palabra\u201d &#8211; Lucas Olivares| \u201cCapilla del diablo\u201d &#8211; Nicolas De Bortoli| \u201cLucrecia\u201d &#8211; Romina Luz Garay| \u201cToda la luz mala\u201d &#8211; Carolina Schaller| \u201cPostales sonoras\u201d &#8211; Julia Rossetti| \u201cRetro litoral visions\u201d- Tomas Barrios| Curadur\u00eda: Maia Navas<\/p>\n\n\n\n<p><strong>17.<\/strong>&nbsp; Experiencia inmersiva \u201cUn pedacito del Impenetrable\u201d x Fundaci\u00f3n Rewilding | Auditorio 5\u00b0 piso<\/p>\n\n\n\n<p><strong>18.<\/strong>&nbsp;Presentaci\u00f3n Cat\u00e1logo Razonado Colecciones de Felix Bunge y Octavio G\u00f3mez por Luis Bogado | Auditorio 5\u00b0 piso<\/p>\n\n\n\n<p><strong>19.<\/strong>&nbsp;Anuncio de premios y adquisiciones ArteCo 2025<\/p>\n\n\n\n<p><strong>19.<\/strong>&nbsp;Taller \u201cLas emociones\u201d por Daniela Almeida | 5\u00b0 piso<\/p>\n\n\n\n<p><strong>20.<\/strong>&nbsp;Festival ArteSo 3\u00b0 edici\u00f3n | 4\u00b0 piso<\/p>\n\n\n\n<p>2\u00b0 Concierto audiovisual Lucas Olivares, Jazmin Cabrera y Pablo Tissembaum | Curaduria: Julia Rossetti y Martin Sandoval<\/p>\n\n\n\n<p><strong>GALER\u00cdA COL\u00d3N &#8211; DISTRIBUCI\u00d3N<\/strong><\/p>\n\n\n\n<p>Planta Baja + 1\u00b0 piso | Galer\u00edas de arte<\/p>\n\n\n\n<p>2\u00b0 piso | Proyectos y Colectivos Art\u00edsticos<\/p>\n\n\n\n<p>3\u00b0 Artistas individuales | ASGAPA<\/p>\n\n\n\n<p>4\u00b0 | Camalote Artesan\u00eda contempor\u00e1nea del Iber\u00e1 con curadur\u00eda de Hada Irastorza y apoyo de Puerto Valle Hotel de Esteros + Impenetrable en flor x Fundaci\u00f3n Rewilding + Tienda editorial x Azogue Libros y Moglia Ediciones + El Viento nos amontona + Tienda R\u00edo + Jacqueline Fern\u00e1ndez + Gastronom\u00eda<\/p>\n\n\n\n<p>5\u00b0 Muestra \u201cEl Ni\u00f1o Interior\u201d por Daniela Almeida y alumnos de 2\u00b0 grado del Colegio Mecenas y la Escuela 51 de Santa Ana + SUSTI | Auditorio | Espacio actividades para p\u00fablico familiar<\/p>\n\n\n\n<p><strong>CIRCUITO ARTECO 2025<\/strong><\/p>\n\n\n\n<p><strong>9 a 12&nbsp;y 17 a 21&nbsp;Instituto de Cultura de Corrientes | San Juan 546<\/strong><\/p>\n\n\n\n<p>Exposici\u00f3n \u00d1ande Arte: El legado<\/p>\n\n\n\n<p>&#8220;Multiverso&#8221;- Ail\u00e9n Navarro| \u201cLos Esteros seg\u00fan Huga\u201d- Gonzalo Hugo| \u201cArgentinidad\u201d- Agustina Nadal| \u201cInstante de Identidad\u201d-Nicol\u00e1s Garc\u00eda| \u201cEl Modulor\u201d- Jos\u00e9 Kura| &#8220;Edid MuralArte&#8221;- Edid Mart\u00ednez| Sin t\u00edtulo- Juan Pablo Solari| \u201cChicharras, metamorfosis, siesta\u201d- Virginia Schauvinhold| &#8220;El Lenguaje de la Fe&#8221;-Romina Borelli | \u201cNi\u00f1a fuego\u201d- Gabriela Aguado| Sin t\u00edtulo- Guadalupe Morlio| \u201cExperimentaci\u00f3n\u201d- Marcos Kura| \u201cSerie animales del Iber\u00e1 y peces de mi r\u00edo\u201d- Jos\u00e9 Mizdraji| Sin t\u00edtulo- Marcos Billordo.<\/p>\n\n\n\n<p><strong>MECA | Orto Galer\u00eda | Espa\u00f1a 1559 | 9 a 11:30 y 20 a 02.<\/strong><\/p>\n\n\n\n<p>Exposici\u00f3n&nbsp; colectiva \u201cLa Caja de Pandora\u201d<\/p>\n\n\n\n<p><strong>20 a 00.&nbsp; MECA | Orto Galer\u00eda | Espa\u00f1a 1559<\/strong><\/p>\n\n\n\n<p>Galer\u00eda abierta. Bar, gastronom\u00eda, m\u00fasica y arte.<\/p>\n\n\n\n<p>Proyecto art\u00edstico musical Grupo WE (Paraguay)<\/p>\n\n\n\n<p><strong>El Vivero | Espacio Mari\u00f1o | Santa Fe 847 | 20 a 00.<\/strong><\/p>\n\n\n\n<p>\u201cLitoralidad\u201d \u2013 La De\u00edxis x El Vivero<\/p>\n\n\n\n<p>Jonatan Fern\u00e1ndez| Leti Galeano| Andre Rolon| Cecilia Avati| James Muriel| Sandra Dinnendahl L\u00f3pez<\/p>\n\n\n\n<p>Curadur\u00eda: Juli\u00e1n Barreto | Alejandro Vallejos<\/p>\n\n\n\n<p><strong>23. AfterCo &#8211; Fiesta Asalto Manyin | Espacio Mari\u00f1o | Santa Fe 847<\/strong><\/p>\n\n\n\n<p>DJs<\/p>\n\n\n\n<p>NNIOL| ERNEST| SETSOL &amp; VERA KIBUM<\/p>\n\n\n\n<p>VJ JIP!<\/p>\n\n\n\n<p>Gogos<\/p>\n\n\n\n<p>TOWANDA| NERIA| TRINI<\/p>\n\n\n\n<p>Feria de dise\u00f1o + Bauhouse colectivo de artistas<\/p>\n","protected":false},"excerpt":{"rendered":"<p>En la pen\u00faltima jornada de ArteCo, una de las actividades centrales en Galer\u00eda Col\u00f3n ser\u00e1 la entrega de premios a artistas, proyectos, colectivos y galer\u00edas seleccionadas para esta edici\u00f3n que&hellip; <\/p>\n","protected":false},"author":4,"featured_media":209224,"comment_status":"closed","ping_status":"open","sticky":false,"template":"","format":"standard","meta":{"footnotes":""},"categories":[23],"tags":[],"class_list":["post-209217","post","type-post","status-publish","format-standard","has-post-thumbnail","hentry","category-actualidad"],"_links":{"self":[{"href":"https:\/\/corrientesdetarde.com\/index.php\/wp-json\/wp\/v2\/posts\/209217","targetHints":{"allow":["GET"]}}],"collection":[{"href":"https:\/\/corrientesdetarde.com\/index.php\/wp-json\/wp\/v2\/posts"}],"about":[{"href":"https:\/\/corrientesdetarde.com\/index.php\/wp-json\/wp\/v2\/types\/post"}],"author":[{"embeddable":true,"href":"https:\/\/corrientesdetarde.com\/index.php\/wp-json\/wp\/v2\/users\/4"}],"replies":[{"embeddable":true,"href":"https:\/\/corrientesdetarde.com\/index.php\/wp-json\/wp\/v2\/comments?post=209217"}],"version-history":[{"count":1,"href":"https:\/\/corrientesdetarde.com\/index.php\/wp-json\/wp\/v2\/posts\/209217\/revisions"}],"predecessor-version":[{"id":209225,"href":"https:\/\/corrientesdetarde.com\/index.php\/wp-json\/wp\/v2\/posts\/209217\/revisions\/209225"}],"wp:featuredmedia":[{"embeddable":true,"href":"https:\/\/corrientesdetarde.com\/index.php\/wp-json\/wp\/v2\/media\/209224"}],"wp:attachment":[{"href":"https:\/\/corrientesdetarde.com\/index.php\/wp-json\/wp\/v2\/media?parent=209217"}],"wp:term":[{"taxonomy":"category","embeddable":true,"href":"https:\/\/corrientesdetarde.com\/index.php\/wp-json\/wp\/v2\/categories?post=209217"},{"taxonomy":"post_tag","embeddable":true,"href":"https:\/\/corrientesdetarde.com\/index.php\/wp-json\/wp\/v2\/tags?post=209217"}],"curies":[{"name":"wp","href":"https:\/\/api.w.org\/{rel}","templated":true}]}}