{"id":209233,"date":"2025-05-23T21:32:16","date_gmt":"2025-05-24T00:32:16","guid":{"rendered":"https:\/\/corrientesdetarde.com\/?p=209233"},"modified":"2025-05-23T21:32:19","modified_gmt":"2025-05-24T00:32:19","slug":"en-libres-valdes-inauguro-red-de-agua-potable-y-recorrio-repavimentacion-de-la-ruta-117","status":"publish","type":"post","link":"https:\/\/corrientesdetarde.com\/index.php\/actualidad\/en-libres-valdes-inauguro-red-de-agua-potable-y-recorrio-repavimentacion-de-la-ruta-117\/","title":{"rendered":"En Libres, Vald\u00e9s inaugur\u00f3 red de agua potable y recorri\u00f3 repavimentaci\u00f3n de la Ruta 117"},"content":{"rendered":"\n<p>El gobernador Gustavo Vald\u00e9s, esta tarde en Paso de los Libres, con una inversi\u00f3n de 3 millones de pesos del Gobierno de Corrientes, en conjunto con Vialidad Provincial y Nacional, recorri\u00f3 la repavimentando de la Ruta Nacional N\u00b0117 en el acceso de dicha localidad. Adem\u00e1s, dej\u00f3 habilitada la red de agua potable en el barrio Aeropuerto.<\/p>\n\n\n\n<p>Con respecto a la repavimentaci\u00f3n de la ruta, el gobernador indic\u00f3 que esta es \u201cuna obra clave para mejorar la transitabilidad y seguridad vehicular. \u00a1Prometimos y cumplimos!\u201d.<\/p>\n\n\n\n<figure class=\"wp-block-image size-large\"><img loading=\"lazy\" decoding=\"async\" width=\"1024\" height=\"683\" src=\"https:\/\/corrientesdetarde.com\/wp-content\/uploads\/2025\/05\/image-859-1024x683.png\" alt=\"\" class=\"wp-image-209235\" srcset=\"https:\/\/corrientesdetarde.com\/wp-content\/uploads\/2025\/05\/image-859-1024x683.png 1024w, https:\/\/corrientesdetarde.com\/wp-content\/uploads\/2025\/05\/image-859-300x200.png 300w, https:\/\/corrientesdetarde.com\/wp-content\/uploads\/2025\/05\/image-859-768x512.png 768w, https:\/\/corrientesdetarde.com\/wp-content\/uploads\/2025\/05\/image-859.png 1365w\" sizes=\"auto, (max-width: 1024px) 100vw, 1024px\" \/><\/figure>\n\n\n\n<p>En este contexto, Juan Manuel Pomar, subsecretario de Producci\u00f3n, que se encuentra a cargo de la obra en el barrio Aeropuerto, indic\u00f3 que \u201cla misma consiste en el montaje de un tanque y la instalaci\u00f3n de 8,000 metros de ca\u00f1er\u00eda de 75 mm para llevar agua potable a 110 familias que no contaban con este servicio\u201d.<\/p>\n\n\n\n<p>Cabe destacar, que el terreno para el tanque fue donado por Roque Prado, dado que no hab\u00eda un espacio adecuado en la escuela local. Anteriormente, se consegu\u00eda agua a trav\u00e9s de costosos dispensers. Ahora, una comisi\u00f3n de agua se encarga de la operaci\u00f3n y prestaci\u00f3n del servicio, con un periodo de prueba de un a\u00f1o, antes de que se ceda el servicio en comodato.<\/p>\n\n\n\n<p><\/p>\n","protected":false},"excerpt":{"rendered":"<p>El gobernador Gustavo Vald\u00e9s, esta tarde en Paso de los Libres, con una inversi\u00f3n de 3 millones de pesos del Gobierno de Corrientes, en conjunto con Vialidad Provincial y Nacional,&hellip; <\/p>\n","protected":false},"author":4,"featured_media":209234,"comment_status":"closed","ping_status":"open","sticky":false,"template":"","format":"standard","meta":{"footnotes":""},"categories":[23],"tags":[],"class_list":["post-209233","post","type-post","status-publish","format-standard","has-post-thumbnail","hentry","category-actualidad"],"_links":{"self":[{"href":"https:\/\/corrientesdetarde.com\/index.php\/wp-json\/wp\/v2\/posts\/209233","targetHints":{"allow":["GET"]}}],"collection":[{"href":"https:\/\/corrientesdetarde.com\/index.php\/wp-json\/wp\/v2\/posts"}],"about":[{"href":"https:\/\/corrientesdetarde.com\/index.php\/wp-json\/wp\/v2\/types\/post"}],"author":[{"embeddable":true,"href":"https:\/\/corrientesdetarde.com\/index.php\/wp-json\/wp\/v2\/users\/4"}],"replies":[{"embeddable":true,"href":"https:\/\/corrientesdetarde.com\/index.php\/wp-json\/wp\/v2\/comments?post=209233"}],"version-history":[{"count":1,"href":"https:\/\/corrientesdetarde.com\/index.php\/wp-json\/wp\/v2\/posts\/209233\/revisions"}],"predecessor-version":[{"id":209236,"href":"https:\/\/corrientesdetarde.com\/index.php\/wp-json\/wp\/v2\/posts\/209233\/revisions\/209236"}],"wp:featuredmedia":[{"embeddable":true,"href":"https:\/\/corrientesdetarde.com\/index.php\/wp-json\/wp\/v2\/media\/209234"}],"wp:attachment":[{"href":"https:\/\/corrientesdetarde.com\/index.php\/wp-json\/wp\/v2\/media?parent=209233"}],"wp:term":[{"taxonomy":"category","embeddable":true,"href":"https:\/\/corrientesdetarde.com\/index.php\/wp-json\/wp\/v2\/categories?post=209233"},{"taxonomy":"post_tag","embeddable":true,"href":"https:\/\/corrientesdetarde.com\/index.php\/wp-json\/wp\/v2\/tags?post=209233"}],"curies":[{"name":"wp","href":"https:\/\/api.w.org\/{rel}","templated":true}]}}