{"id":209251,"date":"2025-05-24T09:09:47","date_gmt":"2025-05-24T12:09:47","guid":{"rendered":"https:\/\/corrientesdetarde.com\/?p=209251"},"modified":"2025-05-24T09:09:53","modified_gmt":"2025-05-24T12:09:53","slug":"san-cosme-murio-la-intendenta-giovanna-morales-maciel","status":"publish","type":"post","link":"https:\/\/corrientesdetarde.com\/index.php\/destacados\/san-cosme-murio-la-intendenta-giovanna-morales-maciel\/","title":{"rendered":"San Cosme: muri\u00f3 la intendenta Giovanna Morales Maciel"},"content":{"rendered":"\n<p>Muri\u00f3 la intendenta de San Cosme, Giovanna Morales Maciel, qui\u00e9n el viernes fue hospitalizada luego de sufrir&nbsp;una descompensaci\u00f3n en su domicilio de la localidad correntina, informaron este s\u00e1bado fuentes oficiales.<\/p>\n\n\n\n<p>En horas del viernes, la intendenta sufri\u00f3 una descompensaci\u00f3n y fue trasladada de urgencia al Hospital Escuela de la ciudad de Corrientes, donde lamentablemente falleci\u00f3 en horas de la madrugada del s\u00e1bado.<\/p>\n\n\n\n<p>Giovanna Morales Maciel, jefa comunal de San Cosme hab\u00eda tomado la posta institucional luego de la gesti\u00f3n de su hermana, Ver\u00f3nica Morales Maciel, quien actualmente se desempe\u00f1a como Subsecretaria en el Ministerio de Desarrollo Social de la provincia.<\/p>\n\n\n\n<p>La Intendenta, ser\u00e1 despedida &nbsp;este domingo en el Palacio Municipal a partir de las 6:00 horas.<\/p>\n\n\n\n<p>Asimismo, a las 16:00 horas se celebrar\u00e1 una misa en su memoria, elevando oraciones por el eterno descanso de su alma.<\/p>\n","protected":false},"excerpt":{"rendered":"<p>Muri\u00f3 la intendenta de San Cosme, Giovanna Morales Maciel, qui\u00e9n el viernes fue hospitalizada luego de sufrir&nbsp;una descompensaci\u00f3n en su domicilio de la localidad correntina, informaron este s\u00e1bado fuentes oficiales.&hellip; <\/p>\n","protected":false},"author":1,"featured_media":209256,"comment_status":"closed","ping_status":"open","sticky":false,"template":"","format":"standard","meta":{"footnotes":""},"categories":[26],"tags":[],"class_list":["post-209251","post","type-post","status-publish","format-standard","has-post-thumbnail","hentry","category-destacados"],"_links":{"self":[{"href":"https:\/\/corrientesdetarde.com\/index.php\/wp-json\/wp\/v2\/posts\/209251","targetHints":{"allow":["GET"]}}],"collection":[{"href":"https:\/\/corrientesdetarde.com\/index.php\/wp-json\/wp\/v2\/posts"}],"about":[{"href":"https:\/\/corrientesdetarde.com\/index.php\/wp-json\/wp\/v2\/types\/post"}],"author":[{"embeddable":true,"href":"https:\/\/corrientesdetarde.com\/index.php\/wp-json\/wp\/v2\/users\/1"}],"replies":[{"embeddable":true,"href":"https:\/\/corrientesdetarde.com\/index.php\/wp-json\/wp\/v2\/comments?post=209251"}],"version-history":[{"count":1,"href":"https:\/\/corrientesdetarde.com\/index.php\/wp-json\/wp\/v2\/posts\/209251\/revisions"}],"predecessor-version":[{"id":209257,"href":"https:\/\/corrientesdetarde.com\/index.php\/wp-json\/wp\/v2\/posts\/209251\/revisions\/209257"}],"wp:featuredmedia":[{"embeddable":true,"href":"https:\/\/corrientesdetarde.com\/index.php\/wp-json\/wp\/v2\/media\/209256"}],"wp:attachment":[{"href":"https:\/\/corrientesdetarde.com\/index.php\/wp-json\/wp\/v2\/media?parent=209251"}],"wp:term":[{"taxonomy":"category","embeddable":true,"href":"https:\/\/corrientesdetarde.com\/index.php\/wp-json\/wp\/v2\/categories?post=209251"},{"taxonomy":"post_tag","embeddable":true,"href":"https:\/\/corrientesdetarde.com\/index.php\/wp-json\/wp\/v2\/tags?post=209251"}],"curies":[{"name":"wp","href":"https:\/\/api.w.org\/{rel}","templated":true}]}}