{"id":209429,"date":"2025-05-25T11:01:43","date_gmt":"2025-05-25T14:01:43","guid":{"rendered":"https:\/\/corrientesdetarde.com\/?p=209429"},"modified":"2025-05-25T11:01:44","modified_gmt":"2025-05-25T14:01:44","slug":"salud-cardiovascular-charlas-en-bella-vista","status":"publish","type":"post","link":"https:\/\/corrientesdetarde.com\/index.php\/bienestar-y-salud\/salud-cardiovascular-charlas-en-bella-vista\/","title":{"rendered":"Salud cardiovascular: charlas en Bella Vista"},"content":{"rendered":"\n<p>En una acci\u00f3n articulada entre instituciones sanitarias y gubernamentales, Bella Vista fue sede de una valiosa jornada de promoci\u00f3n de la salud y prevenci\u00f3n comunitaria, llevada a cabo gracias al trabajo conjunto entre el Instituto de Cardiolog\u00eda de Corrientes, la Sociedad de Cardiolog\u00eda de Corrientes, el Hospital El Salvador. Adem\u00e1s particip\u00f3 el equipo de Atenci\u00f3n Primaria de la Salud y el municipio local.<\/p>\n\n\n\n<p>La actividad desarrollada ayer, viernes cont\u00f3 con la presencia de la intendente de Bella Vista, Noelia Bazzi; el director de APS, Juan Cruz Bruzzo; la directora del Hospital El Salvador, Roc\u00edo Bruzzo; y Eduardo Tassano, en representaci\u00f3n del Instituto de Cardiolog\u00eda; el diputado provincial Walter Ch\u00e1vez; el viceintendente Andr\u00e9s S\u00e1nchez y el secretario de Salud municipal Ricardo Cura, quienes acompa\u00f1aron y destacaron la importancia de este tipo de encuentros para el bienestar de la comunidad.<\/p>\n\n\n\n<p>Durante la jornada, diversos profesionales abordaron temas fundamentales relacionados con la salud cardiovascular, especialmente en el contexto de la actividad f\u00edsica. Adem\u00e1s, se ofrecieron capacitaciones sobre t\u00e9cnicas de reanimaci\u00f3n cardiopulmonar (RCP) y primeros auxilios, brindando a los participantes herramientas pr\u00e1cticas y esenciales para actuar ante emergencias y cuidar la salud en la vida diaria.<\/p>\n\n\n\n<figure class=\"wp-block-image\"><img decoding=\"async\" src=\"https:\/\/www.diarioepoca.com\/content\/bucket\/3\/1430653w380h253c.jpg.webp\" alt=\"\"\/><\/figure>\n\n\n\n<p>Las autoridades agradecieron a todas las instituciones involucradas y, en especial, a los vecinos que participaron con entusiasmo y compromiso. La jornada dej\u00f3 en evidencia que el trabajo conjunto y la formaci\u00f3n continua son pilares fundamentales para una comunidad m\u00e1s saludable y preparada.<\/p>\n","protected":false},"excerpt":{"rendered":"<p>En una acci\u00f3n articulada entre instituciones sanitarias y gubernamentales, Bella Vista fue sede de una valiosa jornada de promoci\u00f3n de la salud y prevenci\u00f3n comunitaria, llevada a cabo gracias al&hellip; <\/p>\n","protected":false},"author":3,"featured_media":209433,"comment_status":"closed","ping_status":"open","sticky":false,"template":"","format":"standard","meta":{"footnotes":""},"categories":[16],"tags":[],"class_list":["post-209429","post","type-post","status-publish","format-standard","has-post-thumbnail","hentry","category-bienestar-y-salud"],"_links":{"self":[{"href":"https:\/\/corrientesdetarde.com\/index.php\/wp-json\/wp\/v2\/posts\/209429","targetHints":{"allow":["GET"]}}],"collection":[{"href":"https:\/\/corrientesdetarde.com\/index.php\/wp-json\/wp\/v2\/posts"}],"about":[{"href":"https:\/\/corrientesdetarde.com\/index.php\/wp-json\/wp\/v2\/types\/post"}],"author":[{"embeddable":true,"href":"https:\/\/corrientesdetarde.com\/index.php\/wp-json\/wp\/v2\/users\/3"}],"replies":[{"embeddable":true,"href":"https:\/\/corrientesdetarde.com\/index.php\/wp-json\/wp\/v2\/comments?post=209429"}],"version-history":[{"count":1,"href":"https:\/\/corrientesdetarde.com\/index.php\/wp-json\/wp\/v2\/posts\/209429\/revisions"}],"predecessor-version":[{"id":209453,"href":"https:\/\/corrientesdetarde.com\/index.php\/wp-json\/wp\/v2\/posts\/209429\/revisions\/209453"}],"wp:featuredmedia":[{"embeddable":true,"href":"https:\/\/corrientesdetarde.com\/index.php\/wp-json\/wp\/v2\/media\/209433"}],"wp:attachment":[{"href":"https:\/\/corrientesdetarde.com\/index.php\/wp-json\/wp\/v2\/media?parent=209429"}],"wp:term":[{"taxonomy":"category","embeddable":true,"href":"https:\/\/corrientesdetarde.com\/index.php\/wp-json\/wp\/v2\/categories?post=209429"},{"taxonomy":"post_tag","embeddable":true,"href":"https:\/\/corrientesdetarde.com\/index.php\/wp-json\/wp\/v2\/tags?post=209429"}],"curies":[{"name":"wp","href":"https:\/\/api.w.org\/{rel}","templated":true}]}}