{"id":209618,"date":"2025-05-26T14:15:48","date_gmt":"2025-05-26T17:15:48","guid":{"rendered":"https:\/\/corrientesdetarde.com\/?p=209618"},"modified":"2025-05-26T14:15:53","modified_gmt":"2025-05-26T17:15:53","slug":"ritondo-y-santilli-ya-estan-en-la-casa-rosada-para-la-reunion-con-karina-milei-por-el-acuerdo-con-el-pro","status":"publish","type":"post","link":"https:\/\/corrientesdetarde.com\/index.php\/politica\/ritondo-y-santilli-ya-estan-en-la-casa-rosada-para-la-reunion-con-karina-milei-por-el-acuerdo-con-el-pro\/","title":{"rendered":"Ritondo y Santilli ya est\u00e1n en la Casa Rosada para la reuni\u00f3n con Karina Milei por el acuerdo con el PRO"},"content":{"rendered":"\n<p>Los principales armadores libertarios y del macrismo reactivan las negociaciones. Cu\u00e1les son las alternativas que se eval\u00faan para la unidad.<a href=\"https:\/\/tn.com.ar\/autor\/Josefina-Godoy-Martinez\/\"><\/a><\/p>\n\n\n\n<p><strong>Karina Milei<\/strong>\u00a0y\u00a0<strong>Sebasti\u00e1n Pareja<\/strong>, el armador de\u00a0<strong>LLA<\/strong>\u00a0en\u00a0<strong>PBA<\/strong>, ya est\u00e1n reunidos con <strong>Cristian\u00a0Ritondo\u00a0y Diego Santilli<\/strong>, del\u00a0<strong>PRO.<\/strong><\/p>\n\n\n\n<p>El encuentro es en\u00a0<strong>Casa Rosada<\/strong>, tal como\u00a0adelant\u00f3\u00a0\u00a0este domingo.\u00a0Adem\u00e1s, los dirigentes de ambos espacios se ven las caras tras la tensi\u00f3n que se desat\u00f3 en el\u00a0<strong>Tedeum del 25 de mayo,<\/strong>\u00a0entre Javier Milei y Jorge Macri, el jefe de Gobierno porte\u00f1o.<\/p>\n\n\n\n<p>Sin embargo, se espera que la actividad de hoy sirva para que las negociaciones por un acuerdo entre los dos partidos\u00a0<strong>contin\u00faen<\/strong>. Hasta ahora, la principal posibilidad es que en\u00a0PBA\u00a0-que tiene elecciones en septiembre-\u00a0<strong>exista un frente com\u00fan entre\u00a0LLA y el PRO.<\/strong>\u00a0Pero, para las nacionales, el oficialismo se mantiene firme y busca mantener\u00a0<strong>el sello violeta.<\/strong><\/p>\n\n\n\n<figure class=\"wp-block-image\"><img decoding=\"async\" src=\"https:\/\/tn.com.ar\/resizer\/v2\/sebastian-pareja-y-cristian-ritondo-foto-la-libertad-avanza-OVO6CGUXBVGN7DEF5BRLT7PKJE.jpg?auth=b7ad9d9a182a924d40eedb3acbd65c98e422e86fffd9befc4e10feb759fd6cbe&amp;width=767\" alt=\"Sebasti\u00e1n Pareja y Cristian Ritondo. (Foto: La Libertad Avanza). \"\/><\/figure>\n\n\n\n<p>En este contexto, autoridades de La Libertad Avanza no descartan que para el<strong>\u00a026 de octubre aparezcan en la lista libertaria algunos nombres del PRO.<\/strong>\u00a0Por el otro lado,\u00a0Ritondo ya expres\u00f3 su negativa a los pases de un espacio al otro.<\/p>\n\n\n\n<p>Una de las principales razones de la unidad es la intenci\u00f3n de&nbsp;<strong>\u201cganarle al kirchnerismo de Axel Kicillof\u201d en la Provincia.<\/strong><\/p>\n\n\n\n<h2 class=\"wp-block-heading\">El Congreso libertario que busca profundizar la presencia de LLA en la Provincia<\/h2>\n\n\n\n<p>El equipo de Karina Milei volvi\u00f3 a organizar el\u00a0Congreso libertario\u00a0que se<strong>\u00a0suspendi\u00f3 por la muerte del papa Francisco.<\/strong><\/p>\n\n\n\n<p>El evento ser\u00e1 en\u00a0<strong>La Plata, en el sal\u00f3n Vonharv.<\/strong>\u00a0Y, aunque no est\u00e1 la fecha definida, se espera que sea\u00a0<strong>antes del 9 de julio, d\u00eda del cierre de alianzas en PBA.<\/strong><\/p>\n\n\n\n<p>En el sal\u00f3n se esperan alrededor de\u00a0<strong>1200 personas<\/strong>, y los dirigentes libertarios expresaron que quieren \u201cmostrar <strong>preocupaci\u00f3n por los vecinos de Buenos Aires\u201d.<\/strong><\/p>\n\n\n\n<p>Si bien explican que una de las finalidades del evento es escuchar los intereses de los bonaerenses,<strong>\u00a0tambi\u00e9n quieren definir nuevos perfiles que\u00a0puedan tener proyecci\u00f3n para las elecciones y delinear \u201cun programa pol\u00edtico libertario\u201d a largo plazo.<\/strong><\/p>\n\n\n\n<figure class=\"wp-block-image\"><img decoding=\"async\" src=\"https:\/\/tn.com.ar\/resizer\/v2\/karina-milei-y-la-libertad-avanza-organizan-un-congreso-libertario-en-la-plata-foto-reuters-matias-baglietto-KKETHJ42LFFCTITBG42K5OM6JQ.png?auth=fcf717c094ab7a78b0d208573e0c9c8b155b2dccf52e3bebdfb167c0d5278709&amp;width=767\" alt=\"Karina Milei y La Libertad Avanza organizan un congreso libertario en La Plata. (Foto: Reuters \/ Mat\u00edas Baglietto)\"\/><\/figure>\n\n\n\n<p>Para conseguir todas estas metas, los organizadores realizaron previamente una encuesta f\u00edsica a m\u00e1s de\u00a0<strong>22.000 personas que residen en GBA y en el interior de Buenos Aires.<\/strong>\u00a0\u201cCon esos datos conseguimos armar ocho mesas de trabajo tem\u00e1tico que reflejan\u00a0<strong>los principales intereses de la gente\u201d, explic\u00f3 una fuente de LLA.<\/strong><\/p>\n\n\n\n<p>Cada una de las mesas tendr\u00e1<strong>&nbsp;30 participantes&nbsp;<\/strong>y estar\u00e1n moderadas por integrantes del oficialismo y&nbsp;<strong>representantes del ministerio correspondiente a la materia.<\/strong><\/p>\n\n\n\n<p>Por su parte, los miembros de cada mesa ser\u00e1n personas de la\u00a0<strong>sociedad civil\u00a0<\/strong>que tengan alguna relaci\u00f3n con la tem\u00e1tica. De esta manera, la c\u00fapula libertaria apunta a conseguir y evaluar posibles candidatos para PBA.<strong>\u00a0\u201cEsto puede ser la base, la plataforma para las elecciones 2027 que queremos ganar\u201d, desliz\u00f3 una alta fuente libertaria de PBA.<\/strong><\/p>\n\n\n\n<p>La estrategia de LLA le permite generar no solo un v\u00ednculo con el electorado bonaerense, sino tambi\u00e9n&nbsp;<strong>cuadros necesarios para la campa\u00f1a de las elecciones<\/strong>.<\/p>\n\n\n\n<p>Para finalizar la actividad,&nbsp;<strong>se espera el discurso de Karina Milei y, posteriormente, de Javier Milei.<\/strong><\/p>\n\n\n\n<p><\/p>\n","protected":false},"excerpt":{"rendered":"<p>Los principales armadores libertarios y del macrismo reactivan las negociaciones. Cu\u00e1les son las alternativas que se eval\u00faan para la unidad. Karina Milei\u00a0y\u00a0Sebasti\u00e1n Pareja, el armador de\u00a0LLA\u00a0en\u00a0PBA, ya est\u00e1n reunidos con&hellip; <\/p>\n","protected":false},"author":8,"featured_media":209619,"comment_status":"closed","ping_status":"open","sticky":false,"template":"","format":"standard","meta":{"footnotes":""},"categories":[3],"tags":[],"class_list":["post-209618","post","type-post","status-publish","format-standard","has-post-thumbnail","hentry","category-politica"],"_links":{"self":[{"href":"https:\/\/corrientesdetarde.com\/index.php\/wp-json\/wp\/v2\/posts\/209618","targetHints":{"allow":["GET"]}}],"collection":[{"href":"https:\/\/corrientesdetarde.com\/index.php\/wp-json\/wp\/v2\/posts"}],"about":[{"href":"https:\/\/corrientesdetarde.com\/index.php\/wp-json\/wp\/v2\/types\/post"}],"author":[{"embeddable":true,"href":"https:\/\/corrientesdetarde.com\/index.php\/wp-json\/wp\/v2\/users\/8"}],"replies":[{"embeddable":true,"href":"https:\/\/corrientesdetarde.com\/index.php\/wp-json\/wp\/v2\/comments?post=209618"}],"version-history":[{"count":1,"href":"https:\/\/corrientesdetarde.com\/index.php\/wp-json\/wp\/v2\/posts\/209618\/revisions"}],"predecessor-version":[{"id":209620,"href":"https:\/\/corrientesdetarde.com\/index.php\/wp-json\/wp\/v2\/posts\/209618\/revisions\/209620"}],"wp:featuredmedia":[{"embeddable":true,"href":"https:\/\/corrientesdetarde.com\/index.php\/wp-json\/wp\/v2\/media\/209619"}],"wp:attachment":[{"href":"https:\/\/corrientesdetarde.com\/index.php\/wp-json\/wp\/v2\/media?parent=209618"}],"wp:term":[{"taxonomy":"category","embeddable":true,"href":"https:\/\/corrientesdetarde.com\/index.php\/wp-json\/wp\/v2\/categories?post=209618"},{"taxonomy":"post_tag","embeddable":true,"href":"https:\/\/corrientesdetarde.com\/index.php\/wp-json\/wp\/v2\/tags?post=209618"}],"curies":[{"name":"wp","href":"https:\/\/api.w.org\/{rel}","templated":true}]}}