{"id":209643,"date":"2025-05-26T15:37:16","date_gmt":"2025-05-26T18:37:16","guid":{"rendered":"https:\/\/corrientesdetarde.com\/?p=209643"},"modified":"2025-05-26T15:37:20","modified_gmt":"2025-05-26T18:37:20","slug":"la-cgt-presento-un-amparo-judicial-para-buscar-frenar-el-dnu-del-gobierno-que-limita-el-derecho-a-huelga","status":"publish","type":"post","link":"https:\/\/corrientesdetarde.com\/index.php\/politica\/la-cgt-presento-un-amparo-judicial-para-buscar-frenar-el-dnu-del-gobierno-que-limita-el-derecho-a-huelga\/","title":{"rendered":"La CGT present\u00f3 un amparo judicial para buscar frenar el DNU del Gobierno que limita el derecho a huelga"},"content":{"rendered":"\n<p>La central obrera solicit\u00f3 ante la Justicia que se declare la invalidez constitucional del decreto. Sostienen que imposibilita el ejercicio de las medidas de fuerza.<\/p>\n\n\n\n<p>La\u00a0Confederaci\u00f3n General del Trabajo\u00a0(CGT) present\u00f3 un amparo judicial para intentar frenar el\u00a0<strong>decreto de necesidad y urgencia\u00a0<\/strong>del Gobierno que limita el\u00a0<strong>derecho a huelga.<\/strong><\/p>\n\n\n\n<p>La central obrera solicit\u00f3 ante la Justicia que se declare&nbsp;<strong>la invalidez constitucional del DNU<\/strong>&nbsp;y, al mismo tiempo, sostuvo que imposibilita el ejercicio leg\u00edtimo de las medidas de fuerza.<\/p>\n\n\n\n<p>Entre los fundamentos del amparo, la CGT sostuvo que\u00a0el DNU firmado por el Presidente\u00a0reglamenta &#8220;<strong>de manera restrictiva el derecho a huelga<\/strong>, ampliando arbitrariamente la lista de actividades consideradas \u00b4servicios esenciales\u00b4\u201c.<\/p>\n\n\n\n<p>Tambi\u00e9n plantearon que el decreto impone niveles m\u00ednimos de prestaci\u00f3n (del 75% al 50%) que, en los hechos,&nbsp;<strong>\u201cimposibilitan el ejercicio leg\u00edtimo de las medidas de fuerza\u201d.<\/strong><\/p>\n\n\n\n<p>Los l\u00edderes de la central obrera sostuvieron que la medida planteada por el Gobierno&nbsp;<strong>viola el art\u00edculo 14 bis de la Constituci\u00f3n Nacional<\/strong>,los Convenios 87 y 98 de la OIT, el Pacto Internacional de Derechos Econ\u00f3micos, Sociales y Culturales, la Convenci\u00f3n Americana sobre Derechos Humanos y otras normas con jerarqu\u00eda constitucional que garantizan la libertad sindical y el derecho a la huelga.<\/p>\n\n\n\n<figure class=\"wp-block-image\"><img decoding=\"async\" src=\"https:\/\/tn.com.ar\/resizer\/v2\/foto-leandro-herediatn-Y7ZB6SVYWREGBJUE73YCQCO5JQ.jpg?auth=5b7d7978063c0b267a813af55c20b14c3adf96cd97f261104983af5c988ba89f&amp;width=767\" alt=\"(Foto: Leandro Heredia\/TN.)\"\/><\/figure>\n\n\n\n<p>En el amparo tambi\u00e9n apuntaron contra las formas que utiliz\u00f3 el Gobierno para establecer la medida. Todas las cr\u00edticas apuntaron contra el DNU.<\/p>\n\n\n\n<p>\u201cFue dictado\u00a0<strong>sin que se verifiquen los requisitos de necesidad y urgencia<\/strong>\u00a0que exige el art. 99 inc. 3 de la Constituci\u00f3n Nacional, en un contexto de funcionamiento normal del Congreso Nacional. La reforma del r\u00e9gimen legal de la huelga no puede realizarse por decreto\u201d, apunt\u00f3\u00a0la CGT.<\/p>\n\n\n\n<p>Tambi\u00e9n argumentaron que el derecho a la huelga es&nbsp;<strong>esencial para equilibrar el poder en la negociaci\u00f3n colectiva.<\/strong>&nbsp;\u201cSu limitaci\u00f3n debilita la capacidad de acci\u00f3n sindical y consolida relaciones laborales desiguales\u201d, a\u00f1adieron.<\/p>\n\n\n\n<p>Por estos motivos, solicitaron una<strong>&nbsp;medida cautelar<\/strong>&nbsp;de no innovar para&nbsp;<strong>suspender de forma inmediata<\/strong>&nbsp;la aplicaci\u00f3n de los art\u00edculos 2\u00b0 y 3\u00b0 del DNU 340\/2025.<\/p>\n\n\n\n<p>La central de trabajadores sostuvo que apuntan con esto a<strong>&nbsp;\u201cevitar perjuicios irreparables al movimiento obrero&nbsp;<\/strong>y preservar el pleno ejercicio de los derechos sindicales mientras se resuelve el fondo del planteo\u201d.<\/p>\n\n\n\n<p>La presentaci\u00f3n judicial fue planteada luego de que uno de los l\u00edderes de la CGT&nbsp;<strong>H\u00e9ctor Daer&nbsp;<\/strong>se reuniera con el jefe de Gabinete,&nbsp;<strong>Guillermo Francos,<\/strong>&nbsp;en Casa Rosada.<\/p>\n\n\n\n<p>El encuentro se produjo a fines de la semana pasada con la excusa de analizar un cambio en las prestaciones del Hospital Naval. Al salir, Daer anticip\u00f3 que ir\u00eda a la Justicia para intentar frenar el DNU.<\/p>\n\n\n\n<figure class=\"wp-block-image\"><img decoding=\"async\" src=\"https:\/\/tn.com.ar\/resizer\/v2\/hector-daer-y-pablo-moyano-dos-de-los-lideres-de-la-confederacion-general-del-trabajo-cgt-foto-na-juan-vargas-AEKESRHS65FXPCQLKVJZ2BWZIA.jpg?auth=660718daebd150f97d48f70d6741c841451dd2cdb01456841baed4e8c4c809bd&amp;width=767\" alt=\"H\u00e9ctor Daer y Pablo Moyano, dos de los l\u00edderes de la Confederaci\u00f3n General del Trabajo (CGT) (Foto: NA - Juan Vargas).\"\/><\/figure>\n\n\n\n<p>El decreto de necesidad y urgencia del Gobierno, que fue publicado el mi\u00e9rcoles 21 de mayo, busca<strong>&nbsp;ampliar las actividades consideradas esenciales.<\/strong><\/p>\n\n\n\n<p>El mismo incorpora al transporte de cargas y personas, la educaci\u00f3n y los servicios de telecomunicaciones, y les impuso la obligaci\u00f3n de garantizar la prestaci\u00f3n del 75% de los servicios en caso de una medida de fuerza.<\/p>\n\n\n\n<p>En uno de los art\u00edculos, el decreto crea la figura de&nbsp;<strong>actividades consideradas de importancia trascendental<\/strong>, que abarcan los sectores m\u00e1s diversos, y al que le impone la&nbsp;<strong>obligaci\u00f3n de mantener un m\u00ednimo de la 50% de la prestaci\u00f3n en las jornadas de huelga<\/strong>.<\/p>\n\n\n\n<p>Entre las actividades alcanzadas en ese par\u00e1metro figuran los principales rubros industriales (alimentaci\u00f3n, metal\u00fargica y la construcci\u00f3n), el funcionamiento de los bancos, los comercios y locales gastron\u00f3micos y todos los sectores vinculados a la exportaci\u00f3n.<\/p>\n","protected":false},"excerpt":{"rendered":"<p>La central obrera solicit\u00f3 ante la Justicia que se declare la invalidez constitucional del decreto. Sostienen que imposibilita el ejercicio de las medidas de fuerza. La\u00a0Confederaci\u00f3n General del Trabajo\u00a0(CGT) present\u00f3&hellip; <\/p>\n","protected":false},"author":8,"featured_media":209644,"comment_status":"closed","ping_status":"open","sticky":false,"template":"","format":"standard","meta":{"footnotes":""},"categories":[3],"tags":[],"class_list":["post-209643","post","type-post","status-publish","format-standard","has-post-thumbnail","hentry","category-politica"],"_links":{"self":[{"href":"https:\/\/corrientesdetarde.com\/index.php\/wp-json\/wp\/v2\/posts\/209643","targetHints":{"allow":["GET"]}}],"collection":[{"href":"https:\/\/corrientesdetarde.com\/index.php\/wp-json\/wp\/v2\/posts"}],"about":[{"href":"https:\/\/corrientesdetarde.com\/index.php\/wp-json\/wp\/v2\/types\/post"}],"author":[{"embeddable":true,"href":"https:\/\/corrientesdetarde.com\/index.php\/wp-json\/wp\/v2\/users\/8"}],"replies":[{"embeddable":true,"href":"https:\/\/corrientesdetarde.com\/index.php\/wp-json\/wp\/v2\/comments?post=209643"}],"version-history":[{"count":1,"href":"https:\/\/corrientesdetarde.com\/index.php\/wp-json\/wp\/v2\/posts\/209643\/revisions"}],"predecessor-version":[{"id":209645,"href":"https:\/\/corrientesdetarde.com\/index.php\/wp-json\/wp\/v2\/posts\/209643\/revisions\/209645"}],"wp:featuredmedia":[{"embeddable":true,"href":"https:\/\/corrientesdetarde.com\/index.php\/wp-json\/wp\/v2\/media\/209644"}],"wp:attachment":[{"href":"https:\/\/corrientesdetarde.com\/index.php\/wp-json\/wp\/v2\/media?parent=209643"}],"wp:term":[{"taxonomy":"category","embeddable":true,"href":"https:\/\/corrientesdetarde.com\/index.php\/wp-json\/wp\/v2\/categories?post=209643"},{"taxonomy":"post_tag","embeddable":true,"href":"https:\/\/corrientesdetarde.com\/index.php\/wp-json\/wp\/v2\/tags?post=209643"}],"curies":[{"name":"wp","href":"https:\/\/api.w.org\/{rel}","templated":true}]}}