{"id":209654,"date":"2025-05-26T16:13:14","date_gmt":"2025-05-26T19:13:14","guid":{"rendered":"https:\/\/corrientesdetarde.com\/?p=209654"},"modified":"2025-05-27T08:32:46","modified_gmt":"2025-05-27T11:32:46","slug":"en-la-nacional-de-razas-valdes-destaco-la-excelencia-de-la-ganaderia-correntina","status":"publish","type":"post","link":"https:\/\/corrientesdetarde.com\/index.php\/destacados\/en-la-nacional-de-razas-valdes-destaco-la-excelencia-de-la-ganaderia-correntina\/","title":{"rendered":"En \u201cLa Nacional de Razas\u201d, Vald\u00e9s destac\u00f3 \u201cla excelencia\u201d de la ganader\u00eda correntina"},"content":{"rendered":"\n<p><em>Corrientes vuelva a ser sede de la Exposici\u00f3n Nacional de Razas 2025 edici\u00f3n Santander a partir de este lunes hasta el viernes 30 de mayo, el cual se desarrolla en el predio de la Sociedad Rural ubicada en Riachuelo. En ese marco, el gobernador Gustavo Vald\u00e9s encabez\u00f3 al mediod\u00eda la inauguraci\u00f3n oficial del evento que re\u00fane a los m\u00e1ximos exponentes de la producci\u00f3n bovina y equina del pa\u00eds, y remarc\u00f3 el trabajo que vienen llevando adelante hace bastante tiempo los productores ganaderos en la Provincia, \u201clogrando hoy excelencia y calidad\u201d.<\/em><\/p>\n\n\n\n<p>Previo al corte de cinta de inauguraci\u00f3n de la Expo Nacional de las razas 2025: la 22\u00b0 Exposici\u00f3n Nacional Braford, la 13\u00b0 Exposici\u00f3n Nacional del Ternero Braford, la 55\u00b0 Gran Nacional Brangus, la 19\u00b0 Exposici\u00f3n Nacional del Ternero Brangus, la 23\u00b0 Exposici\u00f3n Nacional Brahman y la Exposici\u00f3n Nacional A de Caballos Criollos, desarrollado en el predio de la Sociedad Rural de Corrientes, organizado bajo el sello \u201ccon la fuerza de Expoagro\u201d se entonaron las estrofas del Himno Nacional Argentino ejecutado por la Banda de M\u00fasica de la Polic\u00eda de Corrientes.<\/p>\n\n\n\n<p>Seguidamente, se realiz\u00f3 el descubrimiento de placa de la habilitaci\u00f3n de la Pista Jura Galp\u00f3n \u201cBiogenesis Bago\u201d -nuevo galp\u00f3n- que cuenta con 60 metros de largo por 30 de ancho, con galer\u00edas perimetrales de 5 metros en 3 de sus lados, y, adem\u00e1s, cuenta con mayor altura que los otros dos ya existentes en el predio.<\/p>\n\n\n\n<p>El mismo est\u00e1 ubicado en un punto estrat\u00e9gico dentro del predio, justo frente a la ruta nacional N\u00ba 12, lo que lo convierte en un lugar central y de alta visibilidad.<\/p>\n\n\n\n<p>Por otro lado, es preciso mencionar que las asociaciones de Braford, Brangus y Brahman participan en conjunto, reafirmando su compromiso con la excelencia gen\u00e9tica y el desarrollo productivo.<\/p>\n\n\n\n<p>Tambi\u00e9n, se cuenta con la colaboraci\u00f3n entre Exponenciar y la administraci\u00f3n provincial garantiza una agenda din\u00e1mica de conferencias, exposiciones y talleres que fortalecer\u00e1n el sector agroindustrial y contribuir\u00e1n al progreso sostenible de Corrientes.<\/p>\n\n\n\n<p><strong>Corrientes como epicentro<\/strong><\/p>\n\n\n\n<p>Durante la inauguraci\u00f3n de la Exposici\u00f3n Nacional de Razas, el gobernador Gustavo Vald\u00e9s valor\u00f3 el trabajo conjunto que permiti\u00f3 consolidar este evento como una referencia nacional e internacional en producci\u00f3n bovina y equina. \u201cUno logra su objetivo cuando se va poniendo metas, y eso hicimos con la Sociedad Rural de Corrientes y Exponenciar: trazarnos objetivos a\u00f1o a a\u00f1o y cumplirlos\u201d, expres\u00f3.<\/p>\n\n\n\n<p>El mandatario destac\u00f3 especialmente al equipo del Gobierno provincial, enfatizando que \u201cesto es producto de ese esfuerzo conjunto\u201d. Tambi\u00e9n reconoci\u00f3 la confianza de las asociaciones de razas como Brangus, Braford, Brahman y Criollos, y remarc\u00f3: \u201cconstruimos el primer estadio a la excelencia, al trabajo que en Corrientes conocemos desde hace tiempo\u201d.<\/p>\n\n\n\n<p>En otro tramo, Vald\u00e9s subray\u00f3 el rol de los caba\u00f1eros, la incorporaci\u00f3n de tecnolog\u00eda y la formaci\u00f3n de profesionales en la Universidad P\u00fablica, as\u00ed como el acompa\u00f1amiento t\u00e9cnico del INTA. \u201cCorrientes es el campo. Cuando se ataca al campo, se ataca a Corrientes. Pero hoy celebramos el esfuerzo del productor\u201d, afirm\u00f3, y cerr\u00f3 manifestando su intenci\u00f3n de acompa\u00f1ar a la Sociedad Rural y Exponenciar por otros cuatro a\u00f1os: \u201csigamos construyendo este espacio que honra a la gen\u00e9tica, la producci\u00f3n y al trabajo del hombre y la mujer rural\u201d.<\/p>\n\n\n\n<p><strong>Representaci\u00f3n nacional<\/strong><\/p>\n\n\n\n<p>Al tomar la palabra, el secretario de Agricultura, Ganader\u00eda y Pesca de la Naci\u00f3n, Sergio Iraeta, manifest\u00f3 estar \u201cemocionado de estar entre ustedes, en la Casa del Campo\u201d, en referencia a la Sociedad Rural de Corrientes.<\/p>\n\n\n\n<p>Asimismo, el funcionario resalt\u00f3, en el marco de la inauguraci\u00f3n de las Nacionales 2025, \u201cla voluntad que tenemos de que la ganader\u00eda argentina siga siendo y vuelva a hacer lo que fue en su momento\u201d. \u201cHoy estamos frente a una exposici\u00f3n que nos demuestra que, a pesar de todo, a pesar de las gar\u00faas, de los vientos, a pesar de las inundaciones logran unos lind\u00edsimos animales, ya que hay gente que hace lo que le gusta, lo que sabe, y que tiene pasi\u00f3n por hacer lo que hace\u201d.<\/p>\n\n\n\n<p>En otro orden de temas, Iraeta expres\u00f3 que, desde la Secretar\u00eda a su cargo, \u201cestamos a disposici\u00f3n de ustedes para todo lo que necesiten, para todo lo que nosotros podamos solucionar, estamos presentes y estamos atentos\u201d.<\/p>\n\n\n\n<p>Cerrando su alocuci\u00f3n, el mismo agradeci\u00f3 la presencia de autoridades, caba\u00f1eros y ganaderos pidi\u00e9ndoles que \u201cjuntos, sigamos animando la tropa de la ganader\u00eda argentina\u201d.<\/p>\n\n\n\n<p><strong>Palabras del intendente de Riachuelo y referente de SRC<\/strong><\/p>\n\n\n\n<p>Por su parte, el intendente de Riachuelo, Mart\u00edn Jetter coment\u00f3 que \u201ces un gran orgullo ser sede de este evento donde la econom\u00eda local se mueve por todo un mes\u201d y \u201cdesde que lleg\u00f3 Exponenciar pudimos trabajar en conjunto con un nivel de excelencia que hace a la gen\u00e9tica y vimos c\u00f3mo a\u00f1o a a\u00f1o se inauguraron instalaciones en todo el predio\u201d, remarc\u00f3 el jefe comunal dejando en evidencia la apuesta del Gobierno provincial.<\/p>\n\n\n\n<p>A su vez, ratific\u00f3 que \u201ctenemos un lugar estrat\u00e9gico y sabemos que est\u00e1n cubiertas las capacidades hoteleras que vienen para estas nacionales y por eso, desde el municipio estamos para trabajar en conjunto\u201d.<\/p>\n\n\n\n<p>En tanto, el presidente de la Sociedad Rural de Corrientes (SRC), Juan Mart\u00edn Meabe, mostr\u00f3 su satisfacci\u00f3n inicial por la Expo Nacional de Razas que se lleva adelante en el predio ubicado en Riachuelo.<\/p>\n\n\n\n<p>\u201cEsta Rural es la casa de los productores, es la casa del campo\u201d, inici\u00f3 su alocuci\u00f3n el mismo.<\/p>\n\n\n\n<p>Continuando, dio cuenta que \u201cestas Nacionales de raza son parte de nuestros sue\u00f1os\u201d, a la vez que sostuvo que \u201ctodo esto no se hace solo\u201d.<\/p>\n\n\n\n<p>En este marco, Meabe, agradeci\u00f3 al Gobierno de la provincia, en el nombre del gobernador Gustavo Vald\u00e9s y a su equipo, \u201cimpulsor de obras, con su visi\u00f3n y apoyo permanente, que nos permiten disfrutar en Corrientes de la mejor gen\u00e9tica del pa\u00eds\u201d.<\/p>\n\n\n\n<p>\u201cEsta es una linda experiencia de integraci\u00f3n p\u00fablica y privada que refleja una visi\u00f3n compartida\u201d, a\u00f1adi\u00f3 el titular de la SRC, agradeciendo a las dem\u00e1s instituciones y privados presentes, \u201cque hacen que todo esto suceda\u201d, ya que \u201cson un pilar fundamental en la cadena ganadera\u201d.<\/p>\n\n\n\n<p><strong>Presidentes de las razas nacionales<\/strong><\/p>\n\n\n\n<p>A su turno, el presidente actual de la Asociaci\u00f3n Braford Argentina (ABA), Juan Manuel Alberro, felicit\u00f3 a la Sociedad Rural de Corrientes por este este proyecto que \u201cnos llena de orgullo\u201d y es el fruto de un \u201ctrabajo de muchos a\u00f1os, pensando en grande y a futuro\u201d.<\/p>\n\n\n\n<p>El dirigente rural aprovech\u00f3 la ocasi\u00f3n para resaltar el apoyo del gobernador Gustavo Vald\u00e9s y todo su equipo de trabajo, con una inversi\u00f3n que permiti\u00f3 \u201clograr esta infraestructura en un predio hist\u00f3rico y hermoso como este\u201d y por hacer del desarrollo de la ganader\u00eda una \u201cpol\u00edtica de estado, que genera, trabajo, riqueza y arraigo en la gente del campo\u201d, a lo cual \u201cnosotros renovamos nuestro compromiso de seguir trabajando juntos\u201d.<\/p>\n\n\n\n<p>En tanto, el presidente de la Asociaci\u00f3n Argentina de Brangus, Mauricio Groppo, destac\u00f3 la articulaci\u00f3n p\u00fablico \u2013 privada para poder organizar eventos de esta magnitud en los que \u201csomos referentes de la ganader\u00eda mundial con estas razas\u201d.<\/p>\n\n\n\n<p>A su vez, apost\u00f3 a \u201cseguir siendo cada d\u00edas m\u00e1s grandes y referentes mundiales\u201d, no solo con la hacienda sino tambi\u00e9n desde la gen\u00e9tica.<\/p>\n\n\n\n<p>Al dirigirse a los presentes, presidente de Asociaci\u00f3n Criadores Brahman Argentina, Miguel Pibernus, remarc\u00f3 en primer lugar el apoyo que le da el Gobierno de Corrientes a esta muestra \u201cfundamental para el desarrollo de la ganader\u00eda del pa\u00eds y del norte\u201d y puso de relieve el trabajo mancomunado de las cuatro Asociaciones que forman parte de este evento.<\/p>\n\n\n\n<p><strong>Visi\u00f3n del CEO de Exponenciar<\/strong><\/p>\n\n\n\n<p>El CEO de Exponenciar, Mart\u00edn Schwartzman, dio cuenta en el predio que \u201ctodos los a\u00f1os la Sociedad Rural de Corrientes nos sorprende con infraestructura nueva que nos permite realizar una exposici\u00f3n de esta naturaleza\u201d, en el marco de la Expo nacional de las razas 2025.<\/p>\n\n\n\n<p>El mismo, consider\u00f3 que la instituci\u00f3n correntina \u201ctiene una visi\u00f3n clara que apuesta al futuro\u201d, a la vez que consider\u00f3 la labor de las asociaciones para que se lleve adelante este tipo de eventos, reconoci\u00e9ndoles que \u201chacen gen\u00e9tica, hacen carne por la que la Argentina es reconocida en todo el mundo\u201d.<\/p>\n\n\n\n<p>Finalmente, Schwartzman celebr\u00f3 la concreci\u00f3n de esta \u201cfiesta de la ganader\u00eda\u201d, considerando que las Nacionales que se realizan en Corrientes son una de las exposiciones ganaderas m\u00e1s grandes del pa\u00eds, despu\u00e9s de la de Palermo.<\/p>\n\n\n\n<p><strong>Presencias<\/strong><\/p>\n\n\n\n<p>En la oportunidad, acompa\u00f1aron al Gobernador, el vicegobernador, Pedro Braillard Poccar, el gobernador de Chaco, Leandro Zdero, el secretario de Ganader\u00eda y Pesca de la Naci\u00f3n, Sergio Iraeta, los ministros de Producci\u00f3n, Claudio Anselmo, de Industria, Mariel Gabur, los secretarios de Hacienda,&nbsp;Patricio Carando, de Ganader\u00eda, Norberto M\u00f3rtola, senadores nacionales y diputados provinciales, la Presidenta del BanCo, Laura Sprovieri, los intendentes de la ciudad, Eduardo Tassano y de Riachuelo, Mart\u00edn Jetter.<\/p>\n\n\n\n<p>Adem\u00e1s, acompa\u00f1aron la inauguraci\u00f3n los ministros de Producci\u00f3n del Chaco, Oscar Dudik, de Producci\u00f3n Entre R\u00edos, Guillermo Bernaudo, de Industria y Comercio de Salta, Leonardo Dagum, los secretarios de Ganader\u00eda de C\u00f3rdoba, Marcelo Calle, de Ganader\u00eda de Santa Fe, Ignacio M\u00e1ntaras, los presidentes del Inta, Nicol\u00e1s Bronzovich, de la Sociedad Rural, Mart\u00edn Meabe, de Conin Agro, &nbsp;Lucas Magnano, entre otros referentes de las dem\u00e1s asociaciones organizadoras como tambi\u00e9n estuvieron presentes los directorios de medios de Clar\u00edn y La Naci\u00f3n.<\/p>\n\n\n\n<figure class=\"wp-block-image size-large\"><img loading=\"lazy\" decoding=\"async\" width=\"1024\" height=\"682\" src=\"https:\/\/corrientesdetarde.com\/wp-content\/uploads\/2025\/05\/image-943-1024x682.png\" alt=\"\" class=\"wp-image-209655\" srcset=\"https:\/\/corrientesdetarde.com\/wp-content\/uploads\/2025\/05\/image-943-1024x682.png 1024w, https:\/\/corrientesdetarde.com\/wp-content\/uploads\/2025\/05\/image-943-300x200.png 300w, https:\/\/corrientesdetarde.com\/wp-content\/uploads\/2025\/05\/image-943-768x512.png 768w, https:\/\/corrientesdetarde.com\/wp-content\/uploads\/2025\/05\/image-943-1536x1024.png 1536w, https:\/\/corrientesdetarde.com\/wp-content\/uploads\/2025\/05\/image-943-2048x1365.png 2048w\" sizes=\"auto, (max-width: 1024px) 100vw, 1024px\" \/><\/figure>\n\n\n\n<figure class=\"wp-block-image size-large\"><img loading=\"lazy\" decoding=\"async\" width=\"1024\" height=\"682\" src=\"https:\/\/corrientesdetarde.com\/wp-content\/uploads\/2025\/05\/image-945-1024x682.png\" alt=\"\" class=\"wp-image-209657\" srcset=\"https:\/\/corrientesdetarde.com\/wp-content\/uploads\/2025\/05\/image-945-1024x682.png 1024w, https:\/\/corrientesdetarde.com\/wp-content\/uploads\/2025\/05\/image-945-300x200.png 300w, https:\/\/corrientesdetarde.com\/wp-content\/uploads\/2025\/05\/image-945-768x512.png 768w, https:\/\/corrientesdetarde.com\/wp-content\/uploads\/2025\/05\/image-945-1536x1024.png 1536w, https:\/\/corrientesdetarde.com\/wp-content\/uploads\/2025\/05\/image-945-2048x1365.png 2048w\" sizes=\"auto, (max-width: 1024px) 100vw, 1024px\" \/><\/figure>\n\n\n\n<figure class=\"wp-block-image size-large\"><img loading=\"lazy\" decoding=\"async\" width=\"1024\" height=\"682\" src=\"https:\/\/corrientesdetarde.com\/wp-content\/uploads\/2025\/05\/image-946-1024x682.png\" alt=\"\" class=\"wp-image-209658\" srcset=\"https:\/\/corrientesdetarde.com\/wp-content\/uploads\/2025\/05\/image-946-1024x682.png 1024w, https:\/\/corrientesdetarde.com\/wp-content\/uploads\/2025\/05\/image-946-300x200.png 300w, https:\/\/corrientesdetarde.com\/wp-content\/uploads\/2025\/05\/image-946-768x512.png 768w, https:\/\/corrientesdetarde.com\/wp-content\/uploads\/2025\/05\/image-946-1536x1024.png 1536w, https:\/\/corrientesdetarde.com\/wp-content\/uploads\/2025\/05\/image-946-2048x1365.png 2048w\" sizes=\"auto, (max-width: 1024px) 100vw, 1024px\" \/><\/figure>\n\n\n\n<figure class=\"wp-block-image size-large\"><img loading=\"lazy\" decoding=\"async\" width=\"1024\" height=\"682\" src=\"https:\/\/corrientesdetarde.com\/wp-content\/uploads\/2025\/05\/image-947-1024x682.png\" alt=\"\" class=\"wp-image-209659\" srcset=\"https:\/\/corrientesdetarde.com\/wp-content\/uploads\/2025\/05\/image-947-1024x682.png 1024w, https:\/\/corrientesdetarde.com\/wp-content\/uploads\/2025\/05\/image-947-300x200.png 300w, https:\/\/corrientesdetarde.com\/wp-content\/uploads\/2025\/05\/image-947-768x512.png 768w, https:\/\/corrientesdetarde.com\/wp-content\/uploads\/2025\/05\/image-947-1536x1024.png 1536w, https:\/\/corrientesdetarde.com\/wp-content\/uploads\/2025\/05\/image-947-2048x1365.png 2048w\" sizes=\"auto, (max-width: 1024px) 100vw, 1024px\" \/><\/figure>\n\n\n\n<figure class=\"wp-block-image size-large\"><img loading=\"lazy\" decoding=\"async\" width=\"1024\" height=\"620\" src=\"https:\/\/corrientesdetarde.com\/wp-content\/uploads\/2025\/05\/image-948-1024x620.png\" alt=\"\" class=\"wp-image-209660\" srcset=\"https:\/\/corrientesdetarde.com\/wp-content\/uploads\/2025\/05\/image-948-1024x620.png 1024w, https:\/\/corrientesdetarde.com\/wp-content\/uploads\/2025\/05\/image-948-300x182.png 300w, https:\/\/corrientesdetarde.com\/wp-content\/uploads\/2025\/05\/image-948-768x465.png 768w, https:\/\/corrientesdetarde.com\/wp-content\/uploads\/2025\/05\/image-948-1536x929.png 1536w, https:\/\/corrientesdetarde.com\/wp-content\/uploads\/2025\/05\/image-948-2048x1239.png 2048w\" sizes=\"auto, (max-width: 1024px) 100vw, 1024px\" \/><\/figure>\n","protected":false},"excerpt":{"rendered":"<p>Corrientes vuelva a ser sede de la Exposici\u00f3n Nacional de Razas 2025 edici\u00f3n Santander a partir de este lunes hasta el viernes 30 de mayo, el cual se desarrolla en&hellip; <\/p>\n","protected":false},"author":8,"featured_media":209656,"comment_status":"closed","ping_status":"open","sticky":false,"template":"","format":"standard","meta":{"footnotes":""},"categories":[26],"tags":[],"class_list":["post-209654","post","type-post","status-publish","format-standard","has-post-thumbnail","hentry","category-destacados"],"_links":{"self":[{"href":"https:\/\/corrientesdetarde.com\/index.php\/wp-json\/wp\/v2\/posts\/209654","targetHints":{"allow":["GET"]}}],"collection":[{"href":"https:\/\/corrientesdetarde.com\/index.php\/wp-json\/wp\/v2\/posts"}],"about":[{"href":"https:\/\/corrientesdetarde.com\/index.php\/wp-json\/wp\/v2\/types\/post"}],"author":[{"embeddable":true,"href":"https:\/\/corrientesdetarde.com\/index.php\/wp-json\/wp\/v2\/users\/8"}],"replies":[{"embeddable":true,"href":"https:\/\/corrientesdetarde.com\/index.php\/wp-json\/wp\/v2\/comments?post=209654"}],"version-history":[{"count":1,"href":"https:\/\/corrientesdetarde.com\/index.php\/wp-json\/wp\/v2\/posts\/209654\/revisions"}],"predecessor-version":[{"id":209661,"href":"https:\/\/corrientesdetarde.com\/index.php\/wp-json\/wp\/v2\/posts\/209654\/revisions\/209661"}],"wp:featuredmedia":[{"embeddable":true,"href":"https:\/\/corrientesdetarde.com\/index.php\/wp-json\/wp\/v2\/media\/209656"}],"wp:attachment":[{"href":"https:\/\/corrientesdetarde.com\/index.php\/wp-json\/wp\/v2\/media?parent=209654"}],"wp:term":[{"taxonomy":"category","embeddable":true,"href":"https:\/\/corrientesdetarde.com\/index.php\/wp-json\/wp\/v2\/categories?post=209654"},{"taxonomy":"post_tag","embeddable":true,"href":"https:\/\/corrientesdetarde.com\/index.php\/wp-json\/wp\/v2\/tags?post=209654"}],"curies":[{"name":"wp","href":"https:\/\/api.w.org\/{rel}","templated":true}]}}