{"id":209665,"date":"2025-05-26T16:20:38","date_gmt":"2025-05-26T19:20:38","guid":{"rendered":"https:\/\/corrientesdetarde.com\/?p=209665"},"modified":"2025-05-26T16:23:54","modified_gmt":"2025-05-26T19:23:54","slug":"elecciones-en-venezuela-el-chavismo-se-impuso-en-23-de-las-24-gobernaciones-en-medio-de-una-alta-abstencion","status":"publish","type":"post","link":"https:\/\/corrientesdetarde.com\/index.php\/internacionales\/elecciones-en-venezuela-el-chavismo-se-impuso-en-23-de-las-24-gobernaciones-en-medio-de-una-alta-abstencion\/","title":{"rendered":"Elecciones en Venezuela: el chavismo se impuso en 23 de las 24 gobernaciones en medio de una alta abstenci\u00f3n"},"content":{"rendered":"\n<p>La l\u00edder opositora Mar\u00eda Corina Machado llam\u00f3 a sus partidarios a no votar tras su denuncia de fraude en las presidenciales del 28 de julio.<\/p>\n\n\n\n<p><strong>El partido del presidente venezolano Nicol\u00e1s Maduro se impuso en 23 de las 24 gobernaciones<\/strong>&nbsp;y proyecta una mayor\u00eda absoluta en la Asamblea Nacional. Los comicios transcurrieron con poca presencia de electores en los centros de votaci\u00f3n y el llamado a la abstenci\u00f3n de la oposici\u00f3n mayoritaria.<\/p>\n\n\n\n<p>El&nbsp;<strong>Partido Socialista Unido de Venezuela (PSUV)<\/strong>, fuerza central del chavismo,&nbsp;<strong>gan\u00f3 en todos los estados salvo en Cojedes<\/strong>, en la regi\u00f3n centro-oeste del pa\u00eds. Adem\u00e1s, la&nbsp;<strong>coalici\u00f3n oficialista obtuvo el 82,68% de los votos en las listas nacionales para el Parlamento<\/strong>, mientras se aguardaba el recuento definitivo por circunscripciones.<\/p>\n\n\n\n<p>A trav\u00e9s de sus redes sociales, la l\u00edder opositora Mar\u00eda Corina Machado asegur\u00f3 que&nbsp;<strong>m\u00e1s del 85% de los venezolanos \u201cdesobedeci\u00f3\u201d<\/strong>&nbsp;y no particip\u00f3 en los comicios.<\/p>\n\n\n\n<p>\u201cLos venezolanos volvimos a derrotar a este r\u00e9gimen criminal, (&#8230;) hoy&nbsp;<strong>m\u00e1s del 85% de los venezolanos desobedecimos a este r\u00e9gimen y dijimos no<\/strong>, fracas\u00f3 la estrategia de terror del r\u00e9gimen\u201d, dijo la exdiputada, actualmente en la clandestinidad, en un v\u00eddeo publicado en X.<\/p>\n\n\n\n<p>Horas antes, la Plataforma Unitaria Democr\u00e1tica (PUD) public\u00f3 varias fotograf\u00edas en las que se observa una&nbsp;<strong>notoria ausencia de electores<\/strong>&nbsp;en mesas electorales no identificadas.<\/p>\n\n\n\n<p>\u201cLas&nbsp;<strong>calles vac\u00edas<\/strong>&nbsp;son la demostraci\u00f3n de que Venezuela entera no se presta a la farsa del r\u00e9gimen. \u00a1Este 25M, NO!\u201d, afirm\u00f3 en X la cuenta oficial del comando de campa\u00f1a de Machado.<\/p>\n\n\n\n<figure class=\"wp-block-image\"><img decoding=\"async\" src=\"https:\/\/tn.com.ar\/resizer\/v2\/imagen-de-un-centro-electoral-no-identificado-de-venezuela-foto-comando-venezuela-TYLOS6NH7BDHBEO6IS5DO3MJKQ.jfif?auth=9c3f399674057317e980312d9b9bf4a9fcc4eb4cc54c70cc45da43a67a21e554&amp;width=767\" alt=\"Imagen de un centro electoral no identificado de Venezuela (Foto: Comando Venezuela)\"\/><\/figure>\n\n\n\n<p>Distintas agrupaciones opositoras publicaron en redes fotograf\u00edas de centros electorales vac\u00edos en los estados Gu\u00e1rico, Yaracuy, Zulia, Carabobo, Bol\u00edvar, T\u00e1chira y Barinas, as\u00ed como en Delta Amacuro.<\/p>\n\n\n\n<p>Las elecciones coinciden con una nueva ola represiva que se tradujo en el arresto de al menos 70 personas en los \u00faltimos d\u00edas, entre ellos los argentinos\u00a0Germ\u00e1n Dar\u00edo Giuliani\u00a0y\u00a0Gonzalo Carrasco, finalmente liberado.<\/p>\n\n\n\n<p>Los detenidos fueron acusados de buscar \u201c<strong>sabotear<\/strong>\u201d las elecciones a trav\u00e9s de \u201cacciones terroristas\u201d. Es un tipo de denuncia que se repite en forma peri\u00f3dica y que hace cinco meses incluy\u00f3 la detenci\u00f3n del gendarme catamarque\u00f1o\u00a0Nahuel Gallo, el 8 de diciembre.<\/p>\n\n\n\n<h2 class=\"wp-block-heading\">\u201cHoy hemos demostrado el poder del chavismo\u201d, destac\u00f3 Maduro<\/h2>\n\n\n\n<p><strong>\u201cHoy hemos demostrado el poder del chavismo\u201d<\/strong>, celebr\u00f3 Maduro ante simpatizantes en la plaza Bol\u00edvar de Caracas, al conocerse los resultados.&nbsp;<strong>\u201cEsta victoria es la victoria de la paz y la estabilidad de toda Venezuela\u201d<\/strong>, afirm\u00f3.<\/p>\n\n\n\n<p>A diez meses de su cuestionada reelecci\u00f3n presidencial y tras las protestas que dejaron 28 muertos y m\u00e1s de 2400 arrestos, Maduro consolida su poder pol\u00edtico. El&nbsp;<strong>Consejo Nacional Electoral (CNE)<\/strong>, acusado de responder al oficialismo, inform\u00f3 que la participaci\u00f3n fue de&nbsp;<strong>42,6%<\/strong>&nbsp;sobre un padr\u00f3n de&nbsp;<strong>21 millones de electores<\/strong>.<\/p>\n\n\n\n<p>La jornada electoral arranc\u00f3 con muchos centros de votaci\u00f3n vac\u00edos en recorridos por el centro y el este de Caracas, en un marcado contraste con las elecciones presidenciales del 28 de julio, consign\u00f3&nbsp;<em>AP<\/em>.<\/p>\n\n\n\n<figure class=\"wp-block-image\"><img decoding=\"async\" src=\"https:\/\/tn.com.ar\/resizer\/v2\/votantes-revisan-listados-en-un-centro-de-votacion-en-las-elecciones-legislativas-y-de-gobernadores-en-caracas-venezuela-el-domingo-25-de-mayo-de-2025-ap-fotoariana-cubillos-CG3L5LN4C6VPP7ULJK26FLDP5U.jpg?auth=d03b9428b6a08af78ba7fabf6535555b94f8ba34670504fd7494dc3cdbdf736b&amp;width=767\" alt=\"Votantes revisan listados en un centro de votaci\u00f3n en las elecciones legislativas y de gobernadores en Caracas, Venezuela, el domingo 25 de mayo de 2025. (AP Foto\/Ariana Cubillos)\"\/><\/figure>\n\n\n\n<p>Pero desde el chavismo, la visi\u00f3n es opuesta. El ministro de Interior,&nbsp;<strong>Diosdado Cabello<\/strong>, asegur\u00f3 esta ma\u00f1ana que la participaci\u00f3n era \u201cmuy buena\u201d.<\/p>\n\n\n\n<p>\u201cLa participaci\u00f3n siempre ha sido muy buena. Aqu\u00ed no tenemos nosotros que estar a la defensiva con el tema de la participaci\u00f3n. Usted va a votar, usted est\u00e1 participando, usted decide que no va a votar, est\u00e1 dejando que otros decidan\u201d, dijo luego de votar en su estado natal Monagas, este del pa\u00eds.<\/p>\n\n\n\n<p>Cabello invit\u00f3 a los que dicen que no hay participaci\u00f3n a que recorran los centros electorales de su pueblo, El Furrial. \u201cO que se vayan -a\u00f1adi\u00f3- para los centros donde nosotros pasamos, para que vea gente votando, ejerciendo el derecho al voto, sin ning\u00fan tipo de presiones\u201d.<\/p>\n\n\n\n<p>Asimismo, afirm\u00f3 que el pa\u00eds est\u00e1 \u201cen absoluta calma\u201d y que no hubo reportes de alteraciones.<\/p>\n\n\n\n<p><\/p>\n","protected":false},"excerpt":{"rendered":"<p>La l\u00edder opositora Mar\u00eda Corina Machado llam\u00f3 a sus partidarios a no votar tras su denuncia de fraude en las presidenciales del 28 de julio. El partido del presidente venezolano&hellip; <\/p>\n","protected":false},"author":8,"featured_media":209666,"comment_status":"closed","ping_status":"open","sticky":false,"template":"","format":"standard","meta":{"footnotes":""},"categories":[11],"tags":[],"class_list":["post-209665","post","type-post","status-publish","format-standard","has-post-thumbnail","hentry","category-internacionales"],"_links":{"self":[{"href":"https:\/\/corrientesdetarde.com\/index.php\/wp-json\/wp\/v2\/posts\/209665","targetHints":{"allow":["GET"]}}],"collection":[{"href":"https:\/\/corrientesdetarde.com\/index.php\/wp-json\/wp\/v2\/posts"}],"about":[{"href":"https:\/\/corrientesdetarde.com\/index.php\/wp-json\/wp\/v2\/types\/post"}],"author":[{"embeddable":true,"href":"https:\/\/corrientesdetarde.com\/index.php\/wp-json\/wp\/v2\/users\/8"}],"replies":[{"embeddable":true,"href":"https:\/\/corrientesdetarde.com\/index.php\/wp-json\/wp\/v2\/comments?post=209665"}],"version-history":[{"count":1,"href":"https:\/\/corrientesdetarde.com\/index.php\/wp-json\/wp\/v2\/posts\/209665\/revisions"}],"predecessor-version":[{"id":209667,"href":"https:\/\/corrientesdetarde.com\/index.php\/wp-json\/wp\/v2\/posts\/209665\/revisions\/209667"}],"wp:featuredmedia":[{"embeddable":true,"href":"https:\/\/corrientesdetarde.com\/index.php\/wp-json\/wp\/v2\/media\/209666"}],"wp:attachment":[{"href":"https:\/\/corrientesdetarde.com\/index.php\/wp-json\/wp\/v2\/media?parent=209665"}],"wp:term":[{"taxonomy":"category","embeddable":true,"href":"https:\/\/corrientesdetarde.com\/index.php\/wp-json\/wp\/v2\/categories?post=209665"},{"taxonomy":"post_tag","embeddable":true,"href":"https:\/\/corrientesdetarde.com\/index.php\/wp-json\/wp\/v2\/tags?post=209665"}],"curies":[{"name":"wp","href":"https:\/\/api.w.org\/{rel}","templated":true}]}}