{"id":209674,"date":"2025-05-26T20:40:30","date_gmt":"2025-05-26T23:40:30","guid":{"rendered":"https:\/\/corrientesdetarde.com\/?p=209674"},"modified":"2025-05-26T20:40:33","modified_gmt":"2025-05-26T23:40:33","slug":"valdes-presentara-convenio-de-apoyo-y-habilitara-el-nuevo-paseo-de-compras-en-el-mercado-exvia","status":"publish","type":"post","link":"https:\/\/corrientesdetarde.com\/index.php\/actualidad\/valdes-presentara-convenio-de-apoyo-y-habilitara-el-nuevo-paseo-de-compras-en-el-mercado-exvia\/","title":{"rendered":"Vald\u00e9s presentar\u00e1 convenio de apoyo y habilitar\u00e1 el nuevo paseo de compras en el Mercado Exv\u00eda"},"content":{"rendered":"\n<p>El Gobernador Gustavo Vald\u00e9s, este martes presentar\u00e1 el Convenio de Apoyo del Gobierno de la Provincia al Proyecto \u201cOjos de Cielo\u201d, a las 9 de la ma\u00f1ana en el Sal\u00f3n Amarillo de la Gobernaci\u00f3n. Y adem\u00e1s, a las 11 inaugurar\u00e1 el nuevo paseo de compras en el Mercado Exv\u00eda, ubicado por calle Dr. Ram\u00f3n Carrillo (1290), entre C\u00f3rdoba y Mendoza.<\/p>\n\n\n\n<p><\/p>\n","protected":false},"excerpt":{"rendered":"<p>El Gobernador Gustavo Vald\u00e9s, este martes presentar\u00e1 el Convenio de Apoyo del Gobierno de la Provincia al Proyecto \u201cOjos de Cielo\u201d, a las 9 de la ma\u00f1ana en el Sal\u00f3n&hellip; <\/p>\n","protected":false},"author":4,"featured_media":209681,"comment_status":"closed","ping_status":"open","sticky":false,"template":"","format":"standard","meta":{"footnotes":""},"categories":[23],"tags":[],"class_list":["post-209674","post","type-post","status-publish","format-standard","has-post-thumbnail","hentry","category-actualidad"],"_links":{"self":[{"href":"https:\/\/corrientesdetarde.com\/index.php\/wp-json\/wp\/v2\/posts\/209674","targetHints":{"allow":["GET"]}}],"collection":[{"href":"https:\/\/corrientesdetarde.com\/index.php\/wp-json\/wp\/v2\/posts"}],"about":[{"href":"https:\/\/corrientesdetarde.com\/index.php\/wp-json\/wp\/v2\/types\/post"}],"author":[{"embeddable":true,"href":"https:\/\/corrientesdetarde.com\/index.php\/wp-json\/wp\/v2\/users\/4"}],"replies":[{"embeddable":true,"href":"https:\/\/corrientesdetarde.com\/index.php\/wp-json\/wp\/v2\/comments?post=209674"}],"version-history":[{"count":1,"href":"https:\/\/corrientesdetarde.com\/index.php\/wp-json\/wp\/v2\/posts\/209674\/revisions"}],"predecessor-version":[{"id":209682,"href":"https:\/\/corrientesdetarde.com\/index.php\/wp-json\/wp\/v2\/posts\/209674\/revisions\/209682"}],"wp:featuredmedia":[{"embeddable":true,"href":"https:\/\/corrientesdetarde.com\/index.php\/wp-json\/wp\/v2\/media\/209681"}],"wp:attachment":[{"href":"https:\/\/corrientesdetarde.com\/index.php\/wp-json\/wp\/v2\/media?parent=209674"}],"wp:term":[{"taxonomy":"category","embeddable":true,"href":"https:\/\/corrientesdetarde.com\/index.php\/wp-json\/wp\/v2\/categories?post=209674"},{"taxonomy":"post_tag","embeddable":true,"href":"https:\/\/corrientesdetarde.com\/index.php\/wp-json\/wp\/v2\/tags?post=209674"}],"curies":[{"name":"wp","href":"https:\/\/api.w.org\/{rel}","templated":true}]}}