{"id":209680,"date":"2025-05-26T22:06:49","date_gmt":"2025-05-27T01:06:49","guid":{"rendered":"https:\/\/corrientesdetarde.com\/?p=209680"},"modified":"2025-05-26T22:07:00","modified_gmt":"2025-05-27T01:07:00","slug":"corrientes-ya-tiene-la-fecha-de-sus-elecciones-a-gobernador-seran-el-31-de-agosto","status":"publish","type":"post","link":"https:\/\/corrientesdetarde.com\/index.php\/politica\/corrientes-ya-tiene-la-fecha-de-sus-elecciones-a-gobernador-seran-el-31-de-agosto\/","title":{"rendered":"Corrientes ya tiene la fecha de sus elecciones a gobernador: ser\u00e1n el 31 de agosto"},"content":{"rendered":"\n<p>El gobernador Gustavo Vald\u00e9s inform\u00f3 la confirmaci\u00f3n a trav\u00e9s de las redes sociales. Pidi\u00f3 a las municipalidades que se adhieran.<\/p>\n\n\n\n<p>Corrientes ya tiene la fecha para sus elecciones a gobernador. Ser\u00e1n el pr\u00f3ximo domingo 31 de agosto.<\/p>\n\n\n\n<p>La informaci\u00f3n fue confirmada por el gobernador Gustavo Vald\u00e9s a trav\u00e9s del decreto N\u00b01056\/25. &#8220;Ese d\u00eda, los correntinos elegiremos gobernador y vice, as\u00ed como senadores y diputados provinciales&#8221;, dijo.<\/p>\n\n\n\n<p>&#8220;Invito a todos los municipios a que nos acompa\u00f1en en esa fecha para elegir sus autoridades&#8221;, agreg\u00f3.<\/p>\n\n\n\n<p>En caso de haber una segunda vuelta, \u00e9stas ser\u00e1n el 21 de septiembre.<\/p>\n","protected":false},"excerpt":{"rendered":"<p>El gobernador Gustavo Vald\u00e9s inform\u00f3 la confirmaci\u00f3n a trav\u00e9s de las redes sociales. Pidi\u00f3 a las municipalidades que se adhieran. Corrientes ya tiene la fecha para sus elecciones a gobernador.&hellip; <\/p>\n","protected":false},"author":4,"featured_media":209683,"comment_status":"closed","ping_status":"open","sticky":false,"template":"","format":"standard","meta":{"footnotes":""},"categories":[3],"tags":[],"class_list":["post-209680","post","type-post","status-publish","format-standard","has-post-thumbnail","hentry","category-politica"],"_links":{"self":[{"href":"https:\/\/corrientesdetarde.com\/index.php\/wp-json\/wp\/v2\/posts\/209680","targetHints":{"allow":["GET"]}}],"collection":[{"href":"https:\/\/corrientesdetarde.com\/index.php\/wp-json\/wp\/v2\/posts"}],"about":[{"href":"https:\/\/corrientesdetarde.com\/index.php\/wp-json\/wp\/v2\/types\/post"}],"author":[{"embeddable":true,"href":"https:\/\/corrientesdetarde.com\/index.php\/wp-json\/wp\/v2\/users\/4"}],"replies":[{"embeddable":true,"href":"https:\/\/corrientesdetarde.com\/index.php\/wp-json\/wp\/v2\/comments?post=209680"}],"version-history":[{"count":1,"href":"https:\/\/corrientesdetarde.com\/index.php\/wp-json\/wp\/v2\/posts\/209680\/revisions"}],"predecessor-version":[{"id":209684,"href":"https:\/\/corrientesdetarde.com\/index.php\/wp-json\/wp\/v2\/posts\/209680\/revisions\/209684"}],"wp:featuredmedia":[{"embeddable":true,"href":"https:\/\/corrientesdetarde.com\/index.php\/wp-json\/wp\/v2\/media\/209683"}],"wp:attachment":[{"href":"https:\/\/corrientesdetarde.com\/index.php\/wp-json\/wp\/v2\/media?parent=209680"}],"wp:term":[{"taxonomy":"category","embeddable":true,"href":"https:\/\/corrientesdetarde.com\/index.php\/wp-json\/wp\/v2\/categories?post=209680"},{"taxonomy":"post_tag","embeddable":true,"href":"https:\/\/corrientesdetarde.com\/index.php\/wp-json\/wp\/v2\/tags?post=209680"}],"curies":[{"name":"wp","href":"https:\/\/api.w.org\/{rel}","templated":true}]}}