{"id":209690,"date":"2025-05-26T23:00:15","date_gmt":"2025-05-27T02:00:15","guid":{"rendered":"https:\/\/corrientesdetarde.com\/?p=209690"},"modified":"2025-05-26T23:00:19","modified_gmt":"2025-05-27T02:00:19","slug":"valdes-defendio-el-rol-del-inta-y-celebro-el-trabajo-conjunto-que-posiciona-a-corrientes-como-referente-ganadero","status":"publish","type":"post","link":"https:\/\/corrientesdetarde.com\/index.php\/actualidad\/valdes-defendio-el-rol-del-inta-y-celebro-el-trabajo-conjunto-que-posiciona-a-corrientes-como-referente-ganadero\/","title":{"rendered":"Vald\u00e9s defendi\u00f3 el rol del INTA y celebr\u00f3 el trabajo conjunto que posiciona a Corrientes como referente ganadero"},"content":{"rendered":"\n<p>Durante la Exposici\u00f3n Nacional de Razas 2025, el Gobernador hizo una defensa enf\u00e1tica del campo como parte central de la identidad correntina. &#8220;Corrientes es el campo. Cuando se ataca al campo, se ataca a Corrientes. Pero hoy celebramos el esfuerzo del productor&#8221;, sentenci\u00f3.<\/p>\n\n\n\n<p>Durante la apertura de la Exposici\u00f3n Nacional de Razas 2025, el gobernador de Corrientes, Gustavo Vald\u00e9s, puso en valor el crecimiento del evento y destac\u00f3 el trabajo articulado entre el sector p\u00fablico y privado como una de las claves para consolidar a la provincia como referente nacional e internacional en gen\u00e9tica bovina y equina.<\/p>\n\n\n\n<p>&#8220;Uno logra su objetivo cuando se va poniendo metas, y eso hicimos con la Sociedad Rural de Corrientes y Exponenciar: trazarnos objetivos a\u00f1o a a\u00f1o y cumplirlos&#8221;, sostuvo Vald\u00e9s, quien tambi\u00e9n remarc\u00f3 el esfuerzo del Gobierno provincial y la confianza de las asociaciones de razas Brangus, Braford, Brahman y Criollos. &#8220;Construimos el primer estadio a la excelencia, al trabajo que en Corrientes conocemos desde hace tiempo&#8221;, expres\u00f3.<\/p>\n\n\n\n<p>Por \u00faltimo, manifest\u00f3 su compromiso de seguir acompa\u00f1ando este proceso de crecimiento: &#8220;Sigamos construyendo este espacio que honra a la gen\u00e9tica, la producci\u00f3n y al trabajo del hombre y la mujer rural. Vamos a estar junto a la Sociedad Rural y Exponenciar por otros cuatro a\u00f1os m\u00e1s&#8221;.<\/p>\n\n\n\n<p>En di\u00e1logo con el programa Punto de Referencia, el mandatario se refiri\u00f3 adem\u00e1s al rol fundamental de las instituciones nacionales como el INTA y las universidades p\u00fablicas, a las que defendi\u00f3 como pilares del desarrollo agropecuario. &#8220;Sin la universidad que pueda formar veterinarios de calidad, sin el INTA, que aporta tecnolog\u00eda, ser\u00eda muy dif\u00edcil avanzar. El INTA nos marca el camino, y los genetistas nos ayudan a mejorar la raza d\u00eda a d\u00eda. Es fundamental para nosotros, y estamos agradecidos&#8221;, afirm\u00f3.<\/p>\n\n\n\n<p>Vald\u00e9s tambi\u00e9n hizo una defensa enf\u00e1tica del campo como parte central de la identidad correntina. &#8220;Corrientes es el campo. Cuando se ataca al campo, se ataca a Corrientes. Pero hoy celebramos el esfuerzo del productor&#8221;, sentenci\u00f3.<\/p>\n","protected":false},"excerpt":{"rendered":"<p>Durante la Exposici\u00f3n Nacional de Razas 2025, el Gobernador hizo una defensa enf\u00e1tica del campo como parte central de la identidad correntina. &#8220;Corrientes es el campo. Cuando se ataca al&hellip; <\/p>\n","protected":false},"author":4,"featured_media":209691,"comment_status":"closed","ping_status":"open","sticky":false,"template":"","format":"standard","meta":{"footnotes":""},"categories":[23],"tags":[],"class_list":["post-209690","post","type-post","status-publish","format-standard","has-post-thumbnail","hentry","category-actualidad"],"_links":{"self":[{"href":"https:\/\/corrientesdetarde.com\/index.php\/wp-json\/wp\/v2\/posts\/209690","targetHints":{"allow":["GET"]}}],"collection":[{"href":"https:\/\/corrientesdetarde.com\/index.php\/wp-json\/wp\/v2\/posts"}],"about":[{"href":"https:\/\/corrientesdetarde.com\/index.php\/wp-json\/wp\/v2\/types\/post"}],"author":[{"embeddable":true,"href":"https:\/\/corrientesdetarde.com\/index.php\/wp-json\/wp\/v2\/users\/4"}],"replies":[{"embeddable":true,"href":"https:\/\/corrientesdetarde.com\/index.php\/wp-json\/wp\/v2\/comments?post=209690"}],"version-history":[{"count":1,"href":"https:\/\/corrientesdetarde.com\/index.php\/wp-json\/wp\/v2\/posts\/209690\/revisions"}],"predecessor-version":[{"id":209692,"href":"https:\/\/corrientesdetarde.com\/index.php\/wp-json\/wp\/v2\/posts\/209690\/revisions\/209692"}],"wp:featuredmedia":[{"embeddable":true,"href":"https:\/\/corrientesdetarde.com\/index.php\/wp-json\/wp\/v2\/media\/209691"}],"wp:attachment":[{"href":"https:\/\/corrientesdetarde.com\/index.php\/wp-json\/wp\/v2\/media?parent=209690"}],"wp:term":[{"taxonomy":"category","embeddable":true,"href":"https:\/\/corrientesdetarde.com\/index.php\/wp-json\/wp\/v2\/categories?post=209690"},{"taxonomy":"post_tag","embeddable":true,"href":"https:\/\/corrientesdetarde.com\/index.php\/wp-json\/wp\/v2\/tags?post=209690"}],"curies":[{"name":"wp","href":"https:\/\/api.w.org\/{rel}","templated":true}]}}