{"id":209733,"date":"2025-05-27T08:40:08","date_gmt":"2025-05-27T11:40:08","guid":{"rendered":"https:\/\/corrientesdetarde.com\/?p=209733"},"modified":"2025-05-27T08:40:12","modified_gmt":"2025-05-27T11:40:12","slug":"estaba-ofreciendo-a-la-venta-tres-armas-de-fuego-y-fue-detenido","status":"publish","type":"post","link":"https:\/\/corrientesdetarde.com\/index.php\/crimen-y-justicia\/estaba-ofreciendo-a-la-venta-tres-armas-de-fuego-y-fue-detenido\/","title":{"rendered":"Estaba ofreciendo a la venta tres armas de fuego y fue detenido"},"content":{"rendered":"\n<p>Efectivos de la Brigada de Investigaciones de la Comisar\u00eda de San Luis del Palmar, detuvieron durante el fin de semana, en el marco de un procedimiento en la zona rural cercana al poblado, a un joven al que sorprendieron cuando pretend\u00eda comercializar tres armas de fuego, de las que no pudo explicar su procedencia.<\/p>\n\n\n\n<p>El arresto se concret\u00f3 alrededor de las 19.30, durante un operativo de rutina de prevenci\u00f3n de il\u00edcitos en la Primera Secci\u00f3n &#8220;Espinillar&#8221;, cercana a aquella localidad, en inmediaciones de las Rutas Provinciales N\u00b01 y 3, en el que se controlaban la documentaci\u00f3n de veh\u00edculos y personas. En ese contexto, los polic\u00edas observaron a un joven de 22 a\u00f1os, a bordo de una moto de 110 cc., quien al ver los m\u00f3viles descart\u00f3 metros antes unos bultos que portaba y resultaron sospechosos, pero este pens\u00f3 que no lo hab\u00edan visto y, al llegar al ret\u00e9n, fue demorado e indagado sobre lo que hab\u00eda hecho. En su poder ten\u00eda un rev\u00f3lver calibre 38 largo con cinco proyectiles en el tambor.<\/p>\n\n\n\n<p>Otros uniformados se acercaron hasta el bulto que hab\u00eda descartado y descubrieron que se trataban de tres armas de fuego de distintos modelos y calibres y de las que no pudo dar explicaciones concretas de su procedencia, muchos menos acreditar su propiedad.<\/p>\n\n\n\n<p>El bulto conten\u00eda un rev\u00f3lver calibre 32 corto, marca Doluman, y un rifle calibre 22 mm, armas que fueron debidamente secuestradas bajo las formalidades legales correspondientes. El joven habr\u00eda dicho que estaba vendi\u00e9ndolas, pero no pudo justificar de d\u00f3nde las hab\u00eda sacado.<\/p>\n","protected":false},"excerpt":{"rendered":"<p>Efectivos de la Brigada de Investigaciones de la Comisar\u00eda de San Luis del Palmar, detuvieron durante el fin de semana, en el marco de un procedimiento en la zona rural&hellip; <\/p>\n","protected":false},"author":1,"featured_media":209734,"comment_status":"closed","ping_status":"open","sticky":false,"template":"","format":"standard","meta":{"footnotes":""},"categories":[5],"tags":[],"class_list":["post-209733","post","type-post","status-publish","format-standard","has-post-thumbnail","hentry","category-crimen-y-justicia"],"_links":{"self":[{"href":"https:\/\/corrientesdetarde.com\/index.php\/wp-json\/wp\/v2\/posts\/209733","targetHints":{"allow":["GET"]}}],"collection":[{"href":"https:\/\/corrientesdetarde.com\/index.php\/wp-json\/wp\/v2\/posts"}],"about":[{"href":"https:\/\/corrientesdetarde.com\/index.php\/wp-json\/wp\/v2\/types\/post"}],"author":[{"embeddable":true,"href":"https:\/\/corrientesdetarde.com\/index.php\/wp-json\/wp\/v2\/users\/1"}],"replies":[{"embeddable":true,"href":"https:\/\/corrientesdetarde.com\/index.php\/wp-json\/wp\/v2\/comments?post=209733"}],"version-history":[{"count":1,"href":"https:\/\/corrientesdetarde.com\/index.php\/wp-json\/wp\/v2\/posts\/209733\/revisions"}],"predecessor-version":[{"id":209735,"href":"https:\/\/corrientesdetarde.com\/index.php\/wp-json\/wp\/v2\/posts\/209733\/revisions\/209735"}],"wp:featuredmedia":[{"embeddable":true,"href":"https:\/\/corrientesdetarde.com\/index.php\/wp-json\/wp\/v2\/media\/209734"}],"wp:attachment":[{"href":"https:\/\/corrientesdetarde.com\/index.php\/wp-json\/wp\/v2\/media?parent=209733"}],"wp:term":[{"taxonomy":"category","embeddable":true,"href":"https:\/\/corrientesdetarde.com\/index.php\/wp-json\/wp\/v2\/categories?post=209733"},{"taxonomy":"post_tag","embeddable":true,"href":"https:\/\/corrientesdetarde.com\/index.php\/wp-json\/wp\/v2\/tags?post=209733"}],"curies":[{"name":"wp","href":"https:\/\/api.w.org\/{rel}","templated":true}]}}