{"id":21012,"date":"2022-11-18T19:17:00","date_gmt":"2022-11-18T22:17:00","guid":{"rendered":"https:\/\/corrientesdetarde.com\/?p=21012"},"modified":"2022-11-18T19:17:03","modified_gmt":"2022-11-18T22:17:03","slug":"los-cordobeses-que-cruzaron-dos-continentes-en-bici-para-alentar-a-la-scaloneta","status":"publish","type":"post","link":"https:\/\/corrientesdetarde.com\/index.php\/sociales\/los-cordobeses-que-cruzaron-dos-continentes-en-bici-para-alentar-a-la-scaloneta\/","title":{"rendered":"Los cordobeses que cruzaron dos continentes en bici para alentar a la Scaloneta"},"content":{"rendered":"\n<p><a href=\"javascript:void(0);\"><\/a>En el programa de Goyco en la TV P\u00fablica, manifestaron su alegr\u00eda tras haber pedaleado 10.000 kil\u00f3metros para ver a la selecci\u00f3n de cerca: tuvieron la oportunidad de estar en el amistoso de Argentina frente a Emiratos en Abu Dabi.\u00a0<\/p>\n\n\n\n<p>Los cuatro cordobeses integrantes del grupo &#8220;Todo a Pedal&#8221;, ya est\u00e1n en Qatar para alentar al Seleccionado Argentino en el Mundial de F\u00fatbol luego de cruzar en bicicleta \u00c1frica y Medio Oriente, en una traves\u00eda que les demand\u00f3 177 d\u00edas, en los que recorrieron m\u00e1s de 10.000 kil\u00f3metros.<\/p>\n\n\n\n<p>En el viaje recogieron miles de an\u00e9cdotas, que fueron contando a trav\u00e9s de sus redes sociales @todoapedal, y lograron completar la odisea que<strong>&nbsp;comenz\u00f3 el \u00faltimo 14 de mayo en Ciudad del Cabo, Sud\u00e1frica y finaliz\u00f3 este 7 de noviembre en Qatar<\/strong>&nbsp;tras cruzar dos continentes.&nbsp;<\/p>\n\n\n\n<p>Los treinta\u00f1eros Leandro Blanco Pighi, Lucas Ledezma, Mat\u00edas Villaruel y Silvio Gatti son los aventureros que pudieron completar en tiempo su periplo para poder estar en la cita mundialista que comenzar\u00e1 el pr\u00f3ximo domingo 20 de este mes.<\/p>\n\n\n\n<p>El cuarteto estuvo en el programa de Sergio Goycochea en la TV P\u00fablica ya dos veces, y este viernes describieron a la traves\u00eda como &#8220;tremenda aventura, tremenda locura. Y ahora estamos ac\u00e1 disfrutando que es el mejor evento deportivo del mundo&#8221;.\u00a0<\/p>\n\n\n\n<p>Frente a la pregunta de Goyco de &#8220;\u00bfd\u00f3nde est\u00e1n las bicicletas?&#8221;, respondieron entre risas que &#8220;no queremos saber nada con pedalear, un descansito nos viene bien&#8221;.&nbsp;<\/p>\n\n\n\n<p>Incluso el pasado m\u00edercoles, 16 de noviembre, los viajeros volaron a Abu Dhabi para ver a Messi y a la Scaloneta de cerca en el amistoso contra Emiratos \u00c1rabes. Pero esta vez, no pedalearon, sino que a trav\u00e9s de Instagram lograron que Qatar Airways los llevara para el partido que la &#8220;Albiceleste&#8221; venci\u00f3 al conjunto local por 5 a 0.\u00a0<\/p>\n\n\n\n<p>&#8220;En un momento nos hab\u00edamos quedado sin plata, ten\u00edamos que sacar la visa de Zambia y pedimos ayuda a nuestra comunidad de Instagram a trav\u00e9s de plataformas como &#8216;matecito&#8217;, o &#8216;cafecito&#8217; y hubo much\u00edsima gente que nos transfiri\u00f3 plata y pudimos pagar la visa&#8221;, hab\u00eda comentado a T\u00e9lam oportunamente Blanco Pighi, en medio del viaje.<\/p>\n\n\n\n<p>En los videos que comparten en redes, los integrantes del grupo se muestran exhaustos aunque con la felicidad plena del objetivo cumplido, y hasta recibieron un\u00a0<strong>mensaje de Paulo Dybala, quien los felicit\u00f3 por intermedio de un video.<\/strong><\/p>\n\n\n\n<p>&#8220;El viaje en s\u00ed tiene tres objetivos principales&#8221;, destac\u00f3 Blanco Pighi, y resalt\u00f3 que adem\u00e1s de &#8220;llegar al Mundial y alentar a la &#8216;Scaloneta&#8217;, al segundo lo fueron haciendo d\u00eda a d\u00eda que es grabar un documental sobre las diferentes formas de vida y cultura de \u00c1frica y Medio Oriente.<\/p>\n\n\n\n<p>El \u00faltimo objetivo, es que posmundial sacar\u00e1n la cuenta exacta de cu\u00e1ntos kil\u00f3metros pedalearon van a&nbsp;<strong>transformar cada kil\u00f3metro en un \u00e1rbol para plantar en el bosque nativo de C\u00f3rdoba<\/strong>&nbsp;&#8220;que est\u00e1 bastante golpeado en los \u00faltimos a\u00f1os con los incendios forestales&#8221;, cont\u00f3 el aventurero.<\/p>\n\n\n\n<p>Cada d\u00eda los viajeros pedalearon un promedio de 80 a 100 kil\u00f3metros, y pasaron sus noches a la vera de alguna ruta, en carpa, alg\u00fan albergue que consegu\u00edan a cambio de canje por publicidad en sus redes sociales, o bien eran invitados por lugare\u00f1os que, seg\u00fan contaron, los trataron &#8220;incre\u00edblemente bien&#8221;.<\/p>\n\n\n\n<p><strong>&#8220;Queremos poder compartirlo directamente y conectar con los jugadores, sobre todo con (Lionel) Messi y con (\u00c1ngel) Di Mar\u00eda que por ah\u00ed son los hist\u00f3ricos, pero nos encantar\u00eda poder generar alg\u00fan v\u00ednculo para contar de &#8216;vos a vos&#8217; a esta gente cruzamos \u00c1frica y Medio Oriente para alentarlos&#8221;<\/strong>, dijo Blanco Pighi.<\/p>\n\n\n\n<p>El grupo financi\u00f3 la traves\u00eda con ayuda de sponsors y la comunidad de Instagram que los sigue en la cuenta @todoapedal, cuyos seguidores colaboran con donaciones.<\/p>\n\n\n\n<p>&#8220;Vamos a hacer un documental cuando terminemos el viaje ojal\u00e1 con Messi y los amigos levantando la copa&#8221;, concluyeron en la entrevista con Goyco.<\/p>\n","protected":false},"excerpt":{"rendered":"<p>En el programa de Goyco en la TV P\u00fablica, manifestaron su alegr\u00eda tras haber pedaleado 10.000 kil\u00f3metros para ver a la selecci\u00f3n de cerca: tuvieron la oportunidad de estar en&hellip; <\/p>\n","protected":false},"author":8,"featured_media":21013,"comment_status":"closed","ping_status":"open","sticky":false,"template":"","format":"standard","meta":{"footnotes":""},"categories":[17],"tags":[],"class_list":["post-21012","post","type-post","status-publish","format-standard","has-post-thumbnail","hentry","category-sociales"],"_links":{"self":[{"href":"https:\/\/corrientesdetarde.com\/index.php\/wp-json\/wp\/v2\/posts\/21012","targetHints":{"allow":["GET"]}}],"collection":[{"href":"https:\/\/corrientesdetarde.com\/index.php\/wp-json\/wp\/v2\/posts"}],"about":[{"href":"https:\/\/corrientesdetarde.com\/index.php\/wp-json\/wp\/v2\/types\/post"}],"author":[{"embeddable":true,"href":"https:\/\/corrientesdetarde.com\/index.php\/wp-json\/wp\/v2\/users\/8"}],"replies":[{"embeddable":true,"href":"https:\/\/corrientesdetarde.com\/index.php\/wp-json\/wp\/v2\/comments?post=21012"}],"version-history":[{"count":1,"href":"https:\/\/corrientesdetarde.com\/index.php\/wp-json\/wp\/v2\/posts\/21012\/revisions"}],"predecessor-version":[{"id":21014,"href":"https:\/\/corrientesdetarde.com\/index.php\/wp-json\/wp\/v2\/posts\/21012\/revisions\/21014"}],"wp:featuredmedia":[{"embeddable":true,"href":"https:\/\/corrientesdetarde.com\/index.php\/wp-json\/wp\/v2\/media\/21013"}],"wp:attachment":[{"href":"https:\/\/corrientesdetarde.com\/index.php\/wp-json\/wp\/v2\/media?parent=21012"}],"wp:term":[{"taxonomy":"category","embeddable":true,"href":"https:\/\/corrientesdetarde.com\/index.php\/wp-json\/wp\/v2\/categories?post=21012"},{"taxonomy":"post_tag","embeddable":true,"href":"https:\/\/corrientesdetarde.com\/index.php\/wp-json\/wp\/v2\/tags?post=21012"}],"curies":[{"name":"wp","href":"https:\/\/api.w.org\/{rel}","templated":true}]}}