{"id":210203,"date":"2025-05-29T23:03:24","date_gmt":"2025-05-30T02:03:24","guid":{"rendered":"https:\/\/corrientesdetarde.com\/?p=210203"},"modified":"2025-05-29T23:03:39","modified_gmt":"2025-05-30T02:03:39","slug":"no-se-trata-solo-de-llegar-a-fin-de-mes-sino-de-como-pagar-deudas-acumuladas-por-gastos-basicos-especialistas-abordan-el-escenario-economico-en-el-nea","status":"publish","type":"post","link":"https:\/\/corrientesdetarde.com\/index.php\/economia\/no-se-trata-solo-de-llegar-a-fin-de-mes-sino-de-como-pagar-deudas-acumuladas-por-gastos-basicos-especialistas-abordan-el-escenario-economico-en-el-nea\/","title":{"rendered":"&#8220;No se trata solo de llegar a fin de mes, sino de c\u00f3mo pagar deudas acumuladas por gastos b\u00e1sicos&#8221;: especialistas abordan el escenario econ\u00f3mico en el NEA\u00a0"},"content":{"rendered":"\n<p>El Instituto de Investigaci\u00f3n Social, Econ\u00f3mica y Pol\u00edtica Ciudadana (ISEPCi) inform\u00f3 que en abril una familia tipo necesit\u00f3 m\u00e1s de 966 mil pesos para no caer por debajo de la l\u00ednea de pobreza en Corrientes. La directora del organismo, Silvana Lagra\u00f1a, alert\u00f3 sobre el impacto de la p\u00e9rdida del poder adquisitivo y los aumentos persistentes en alimentos esenciales.&nbsp;<\/p>\n\n\n\n<p>A trav\u00e9s del informe n\u00famero 99 del \u00cdndice Barrial de Precios (IBP), el ISEPCi relev\u00f3 los precios de 57 productos de la Canasta B\u00e1sica de Alimentos (CBA) en comercios de cercan\u00eda de la capital correntina y localidades como Empedrado, Santa Rosa, Curuz\u00fa Cuati\u00e1, Goya y Monte Caseros. Los datos reflejan que una familia de cuatro integrantes necesit\u00f3 $966.000 para superar la l\u00ednea de pobreza y $423.000 para no caer en la indigencia.<\/p>\n\n\n\n<p>&#8220;Si bien la inflaci\u00f3n muestra una desaceleraci\u00f3n en t\u00e9rminos generales, esto no se traduce en mejoras reales en la econom\u00eda familiar&#8221;, explic\u00f3 Silvana Lagra\u00f1a en di\u00e1logo con LT7. Seg\u00fan la referente del ISEPCi, el principal problema est\u00e1 en el deterioro de los ingresos: &#8220;Jubilaciones, salarios y otras transferencias han perdido valor desde el a\u00f1o pasado y las paritarias siguen quedando muy por debajo del costo de vida&#8221;.<\/p>\n\n\n\n<p>El informe destaca adem\u00e1s un aumento sostenido en productos clave para la alimentaci\u00f3n. &#8220;Este mes el rubro carnicer\u00eda fue el que m\u00e1s subi\u00f3, con incrementos del 7,79% en promedio. Pero hay cortes populares que aumentaron mucho m\u00e1s: la paleta y el h\u00edgado subieron un 16%, el pollo m\u00e1s de un 10% y la carne picada casi un 8%&#8221;, detall\u00f3 Lagra\u00f1a. &#8220;Son productos esenciales y, a pesar del descenso de la inflaci\u00f3n, siguen aumentando&#8221;.<\/p>\n\n\n\n<p>Una de las situaciones que m\u00e1s preocupan al instituto es que muchas familias recurren al endeudamiento para comprar alimentos. &#8220;Hay quienes terminan pagando en cuotas, con intereses, productos que se consumen en el d\u00eda. Eso refleja el nivel de gravedad que atraviesa la econom\u00eda dom\u00e9stica. Ya no se trata solo de llegar a fin de mes, sino de c\u00f3mo pagar deudas acumuladas por gastos b\u00e1sicos&#8221;, subray\u00f3.<\/p>\n\n\n\n<p>Respecto a la forma en que se mide la inflaci\u00f3n, Lagra\u00f1a expres\u00f3 dudas sobre la representatividad de los indicadores oficiales y plante\u00f3 la necesidad de revisar las metodolog\u00edas. &#8220;No alcanza con mostrar una baja en los \u00edndices generales si no se contempla lo que realmente afecta a las familias: servicios como internet, por ejemplo, siguen sin ser parte de la medici\u00f3n oficial, mientras que otras prestaciones que casi no se usan a\u00fan se consideran&#8221;, sostuvo.<\/p>\n\n\n\n<p>El trabajo del ISEPCi se realiza con una metodolog\u00eda de investigaci\u00f3n-acci\u00f3n participativa, que involucra activamente a referentes comunitarios. &#8220;Son personas comprometidas que hacen este trabajo con mucha responsabilidad. No solo reflejamos lo que pasa, tambi\u00e9n queremos aportar propuestas para resolverlo&#8221;, agreg\u00f3 Lagra\u00f1a. El relevamiento incluye precios de almacenes, carnicer\u00edas, verduler\u00edas y supermercados, siempre sobre los productos m\u00e1s baratos, sin considerar ofertas ni compras mayoristas.<\/p>\n\n\n\n<p>Finalmente, la titular del ISEPCi remarc\u00f3 que en las localidades del interior los productos tienden a ser m\u00e1s caros que en la capital, con diferencias significativas entre una zona y otra.<\/p>\n\n\n\n<p>&#8220;El costo de vida sigue subiendo y los salarios no acompa\u00f1an. Eso nos deja frente a una situaci\u00f3n insostenible para miles de familias trabajadoras, jubiladas o con ingresos informales&#8221;, concluy\u00f3.<\/p>\n","protected":false},"excerpt":{"rendered":"<p>El Instituto de Investigaci\u00f3n Social, Econ\u00f3mica y Pol\u00edtica Ciudadana (ISEPCi) inform\u00f3 que en abril una familia tipo necesit\u00f3 m\u00e1s de 966 mil pesos para no caer por debajo de la&hellip; <\/p>\n","protected":false},"author":4,"featured_media":210204,"comment_status":"closed","ping_status":"open","sticky":false,"template":"","format":"standard","meta":{"footnotes":""},"categories":[20],"tags":[],"class_list":["post-210203","post","type-post","status-publish","format-standard","has-post-thumbnail","hentry","category-economia"],"_links":{"self":[{"href":"https:\/\/corrientesdetarde.com\/index.php\/wp-json\/wp\/v2\/posts\/210203","targetHints":{"allow":["GET"]}}],"collection":[{"href":"https:\/\/corrientesdetarde.com\/index.php\/wp-json\/wp\/v2\/posts"}],"about":[{"href":"https:\/\/corrientesdetarde.com\/index.php\/wp-json\/wp\/v2\/types\/post"}],"author":[{"embeddable":true,"href":"https:\/\/corrientesdetarde.com\/index.php\/wp-json\/wp\/v2\/users\/4"}],"replies":[{"embeddable":true,"href":"https:\/\/corrientesdetarde.com\/index.php\/wp-json\/wp\/v2\/comments?post=210203"}],"version-history":[{"count":1,"href":"https:\/\/corrientesdetarde.com\/index.php\/wp-json\/wp\/v2\/posts\/210203\/revisions"}],"predecessor-version":[{"id":210205,"href":"https:\/\/corrientesdetarde.com\/index.php\/wp-json\/wp\/v2\/posts\/210203\/revisions\/210205"}],"wp:featuredmedia":[{"embeddable":true,"href":"https:\/\/corrientesdetarde.com\/index.php\/wp-json\/wp\/v2\/media\/210204"}],"wp:attachment":[{"href":"https:\/\/corrientesdetarde.com\/index.php\/wp-json\/wp\/v2\/media?parent=210203"}],"wp:term":[{"taxonomy":"category","embeddable":true,"href":"https:\/\/corrientesdetarde.com\/index.php\/wp-json\/wp\/v2\/categories?post=210203"},{"taxonomy":"post_tag","embeddable":true,"href":"https:\/\/corrientesdetarde.com\/index.php\/wp-json\/wp\/v2\/tags?post=210203"}],"curies":[{"name":"wp","href":"https:\/\/api.w.org\/{rel}","templated":true}]}}