{"id":210212,"date":"2025-05-29T23:21:46","date_gmt":"2025-05-30T02:21:46","guid":{"rendered":"https:\/\/corrientesdetarde.com\/?p=210212"},"modified":"2025-05-29T23:21:58","modified_gmt":"2025-05-30T02:21:58","slug":"provincia-destaco-inversiones-productivas-y-crecimiento-de-la-piscicultura-en-liebig-ya-hay-mas-de-40-estanques-habilitados","status":"publish","type":"post","link":"https:\/\/corrientesdetarde.com\/index.php\/actualidad\/provincia-destaco-inversiones-productivas-y-crecimiento-de-la-piscicultura-en-liebig-ya-hay-mas-de-40-estanques-habilitados\/","title":{"rendered":"Provincia destac\u00f3 inversiones productivas y crecimiento de la piscicultura en Liebig: &#8220;Ya hay m\u00e1s de 40 estanques habilitados&#8221;"},"content":{"rendered":"\n<p>En el marco del 101\u00b0 aniversario de Colonia Liebig, el ministro de Producci\u00f3n de Corrientes, Claudio Anselmo, destac\u00f3 las inversiones en caminos rurales y el crecimiento de la piscicultura como eje de diversificaci\u00f3n productiva. Subray\u00f3 adem\u00e1s el buen momento de la cosecha yerbatera y el acompa\u00f1amiento provincial a toda la cadena agroindustrial.<\/p>\n\n\n\n<p>En el marco del 101\u00b0 aniversario de Colonia Liebig, el ministro de Producci\u00f3n de Corrientes, Claudio Anselmo, acompa\u00f1\u00f3 al gobernador Gustavo Vald\u00e9s en una jornada de inauguraciones y repas\u00f3 los avances en infraestructura y desarrollo productivo de la zona. En declaraciones al programa Punto de Referencia, destac\u00f3 la importancia de los caminos enripiados, el crecimiento de la piscicultura y el rol estrat\u00e9gico de la yerba mate en la econom\u00eda local.<\/p>\n\n\n\n<p>&#8220;Se inauguraron 24 kil\u00f3metros de caminos enripiados en tres tramos \u2014dos rutas provinciales, la 73 y 74, y un camino vecinal\u2014 que se conectan con la Ruta 71 y que son fundamentales para el tr\u00e1nsito de la producci\u00f3n, sobre todo la yerbatera, pero tambi\u00e9n para los parajes, las escuelas rurales y el transporte forestal&#8221;, detall\u00f3. La inversi\u00f3n en esta obra super\u00f3 los 1.200 millones de pesos.<\/p>\n\n\n\n<p>M\u00e1s all\u00e1 del peso hist\u00f3rico de la yerba mate en la regi\u00f3n, Anselmo puso el foco en la diversificaci\u00f3n productiva impulsada por el Gobierno provincial. &#8220;Estamos trabajando con planes como piscicultura, palta y pasturas. En piscicultura ya tenemos m\u00e1s de 40 estanques construidos y habilitados, con siembra de alevinos y las primeras cosechas en marcha&#8221;, se\u00f1al\u00f3, remarcando el impulso a modelos mixtos de producci\u00f3n vegetal y ganadera.<\/p>\n\n\n\n<p>El ministro tambi\u00e9n se refiri\u00f3 al presente del sector yerbatero, al que calific\u00f3 como &#8220;clave&#8221; para Corrientes. &#8220;En 2024 tuvimos una cosecha r\u00e9cord a nivel nacional. En Corrientes, los primeros cuatro meses del a\u00f1o mostraron muy buenos niveles de producci\u00f3n, a diferencia de Misiones. A pesar de las lluvias recientes, el sector se mantiene activo&#8221;, dijo.<\/p>\n\n\n\n<p>En ese sentido, subray\u00f3 el rol del Estado provincial para fortalecer toda la cadena: desde la extracci\u00f3n y electrificaci\u00f3n de zonas productivas hasta el financiamiento, la log\u00edstica y la exportaci\u00f3n. &#8220;El Banco de Corrientes es hoy l\u00edder en otorgamiento de cr\u00e9ditos a la industria yerbatera. Adem\u00e1s, trabajamos en el mejoramiento de rutas, estaciones transformadoras y la log\u00edstica portuaria&#8221;, agreg\u00f3.<\/p>\n\n\n\n<p>Sobre el contexto nacional, Anselmo advirti\u00f3 que, ante un mercado desregulado, &#8220;toda la cadena debe adaptarse&#8221; para sostener precios justos y equilibrar oferta y demanda. &#8220;Hoy un producto de primera calidad no supera los 4.000 pesos el kilo al p\u00fablico. De ah\u00ed para atr\u00e1s se reparte lo que se paga por la hoja verde. No hay secretos: toda la cadena tiene que funcionar bien para que al productor tambi\u00e9n le cierren los n\u00fameros&#8221;, concluy\u00f3.<\/p>\n","protected":false},"excerpt":{"rendered":"<p>En el marco del 101\u00b0 aniversario de Colonia Liebig, el ministro de Producci\u00f3n de Corrientes, Claudio Anselmo, destac\u00f3 las inversiones en caminos rurales y el crecimiento de la piscicultura como&hellip; <\/p>\n","protected":false},"author":4,"featured_media":210213,"comment_status":"closed","ping_status":"open","sticky":false,"template":"","format":"standard","meta":{"footnotes":""},"categories":[23],"tags":[],"class_list":["post-210212","post","type-post","status-publish","format-standard","has-post-thumbnail","hentry","category-actualidad"],"_links":{"self":[{"href":"https:\/\/corrientesdetarde.com\/index.php\/wp-json\/wp\/v2\/posts\/210212","targetHints":{"allow":["GET"]}}],"collection":[{"href":"https:\/\/corrientesdetarde.com\/index.php\/wp-json\/wp\/v2\/posts"}],"about":[{"href":"https:\/\/corrientesdetarde.com\/index.php\/wp-json\/wp\/v2\/types\/post"}],"author":[{"embeddable":true,"href":"https:\/\/corrientesdetarde.com\/index.php\/wp-json\/wp\/v2\/users\/4"}],"replies":[{"embeddable":true,"href":"https:\/\/corrientesdetarde.com\/index.php\/wp-json\/wp\/v2\/comments?post=210212"}],"version-history":[{"count":1,"href":"https:\/\/corrientesdetarde.com\/index.php\/wp-json\/wp\/v2\/posts\/210212\/revisions"}],"predecessor-version":[{"id":210214,"href":"https:\/\/corrientesdetarde.com\/index.php\/wp-json\/wp\/v2\/posts\/210212\/revisions\/210214"}],"wp:featuredmedia":[{"embeddable":true,"href":"https:\/\/corrientesdetarde.com\/index.php\/wp-json\/wp\/v2\/media\/210213"}],"wp:attachment":[{"href":"https:\/\/corrientesdetarde.com\/index.php\/wp-json\/wp\/v2\/media?parent=210212"}],"wp:term":[{"taxonomy":"category","embeddable":true,"href":"https:\/\/corrientesdetarde.com\/index.php\/wp-json\/wp\/v2\/categories?post=210212"},{"taxonomy":"post_tag","embeddable":true,"href":"https:\/\/corrientesdetarde.com\/index.php\/wp-json\/wp\/v2\/tags?post=210212"}],"curies":[{"name":"wp","href":"https:\/\/api.w.org\/{rel}","templated":true}]}}