{"id":21025,"date":"2022-11-18T21:22:26","date_gmt":"2022-11-19T00:22:26","guid":{"rendered":"https:\/\/corrientesdetarde.com\/?p=21025"},"modified":"2022-11-18T21:22:29","modified_gmt":"2022-11-19T00:22:29","slug":"encontraron-el-cuerpo-de-susana-caceres-la-mujer-que-estaba-desaparecida-desde-hace-10-dias","status":"publish","type":"post","link":"https:\/\/corrientesdetarde.com\/index.php\/crimen-y-justicia\/encontraron-el-cuerpo-de-susana-caceres-la-mujer-que-estaba-desaparecida-desde-hace-10-dias\/","title":{"rendered":"Encontraron el cuerpo de Susana C\u00e1ceres, la mujer que estaba desaparecida desde\u00a0 hace 10 d\u00edas"},"content":{"rendered":"\n<p>&nbsp;<br>&#8220;El cuerpo fue encontrado en el marco de los rastrillajes, en el l\u00edmite entre Moreno e Ituzaing\u00f3, a la vera de la colectora entre los pastizales, m\u00e1s del lado de Ituzaing\u00f3&#8221;, sostuvieron las fuentes consultadas. De acuerdo a los detectives de la investigaci\u00f3n, el cuerpo de Susana fue identificado por sus tatuajes.<\/p>\n\n\n\n<p>Con respecto al estado en que se encontr\u00f3 el cad\u00e1ver, varias versiones apuntan a que el cuerpo fue quemado, pero fuentes del caso consultadas por Infobae sospechan de un avanzado estado de putrefacci\u00f3n. Ahora, la Polic\u00eda Cient\u00edfica trabaja en la escena. Los investigadores indicaron que el cuerpo ten\u00eda heridas de arma blanca.<\/p>\n\n\n\n<p>&#8220;Ahora comienza otra etapa, para saber qu\u00e9 pas\u00f3. Vamos al paso que sigue y pedimos que nos acompa\u00f1an en el momento que sea correspondiente para la investigaci\u00f3n que viene ahora&#8221;, dijo la prima de Susana, Adriana, frente a los medios tras conocer la noticia.<\/p>\n\n\n\n<p>C\u00e1ceres desapareci\u00f3 el martes 8 de noviembre en la zona de Villa Trujui, en Moreno. Se fue de su casa dici\u00e9ndole a su madre que ir\u00eda a pagar una deuda. &#8220;Ah\u00ed vengo&#8221;, grit\u00f3 desde la puerta antes de irse. Fue la \u00faltima vez que su madre la vio. Hasta el momento se desconoce qu\u00e9 tipo de deuda iba a pagar y qui\u00e9n era su acreedor. S\u00f3lo se sabe que, en las horas previas, hab\u00eda vendido algunos electrodom\u00e9sticos para hacerse de efectivo. &#8220;Ten\u00eda encima no m\u00e1s de $10 mil&#8221;, explic\u00f3 una fuente policial.<\/p>\n\n\n\n<p>As\u00ed comenz\u00f3 la intensa b\u00fasqueda de la mujer liderada por la fiscal Luisa Pontecorvo, titular de la UFI N 3 de Moreno, quien orden\u00f3 una serie de rastrillajes por la zona para dar con la mujer.<\/p>\n\n\n\n<p>&nbsp;Ayer, Pontecorvo orden\u00f3 allanar el domicilio de Alberto Peralta quien, seg\u00fan dijeron algunas amigas de la v\u00edctima, ser\u00eda pareja de C\u00e1ceres. La medida fue dispuesta este jueves pasadas las 19 horas, dos d\u00edas despu\u00e9s de que realizaron una inspecci\u00f3n ocular en la vivienda del hombre que, desde entonces, qued\u00f3 detenido porque intent\u00f3 esconder una pistola calibre 45 con numeraci\u00f3n limada.<\/p>\n","protected":false},"excerpt":{"rendered":"<p>&nbsp;&#8220;El cuerpo fue encontrado en el marco de los rastrillajes, en el l\u00edmite entre Moreno e Ituzaing\u00f3, a la vera de la colectora entre los pastizales, m\u00e1s del lado de&hellip; <\/p>\n","protected":false},"author":1,"featured_media":21029,"comment_status":"closed","ping_status":"open","sticky":false,"template":"","format":"standard","meta":{"footnotes":""},"categories":[5],"tags":[],"class_list":["post-21025","post","type-post","status-publish","format-standard","has-post-thumbnail","hentry","category-crimen-y-justicia"],"_links":{"self":[{"href":"https:\/\/corrientesdetarde.com\/index.php\/wp-json\/wp\/v2\/posts\/21025","targetHints":{"allow":["GET"]}}],"collection":[{"href":"https:\/\/corrientesdetarde.com\/index.php\/wp-json\/wp\/v2\/posts"}],"about":[{"href":"https:\/\/corrientesdetarde.com\/index.php\/wp-json\/wp\/v2\/types\/post"}],"author":[{"embeddable":true,"href":"https:\/\/corrientesdetarde.com\/index.php\/wp-json\/wp\/v2\/users\/1"}],"replies":[{"embeddable":true,"href":"https:\/\/corrientesdetarde.com\/index.php\/wp-json\/wp\/v2\/comments?post=21025"}],"version-history":[{"count":1,"href":"https:\/\/corrientesdetarde.com\/index.php\/wp-json\/wp\/v2\/posts\/21025\/revisions"}],"predecessor-version":[{"id":21032,"href":"https:\/\/corrientesdetarde.com\/index.php\/wp-json\/wp\/v2\/posts\/21025\/revisions\/21032"}],"wp:featuredmedia":[{"embeddable":true,"href":"https:\/\/corrientesdetarde.com\/index.php\/wp-json\/wp\/v2\/media\/21029"}],"wp:attachment":[{"href":"https:\/\/corrientesdetarde.com\/index.php\/wp-json\/wp\/v2\/media?parent=21025"}],"wp:term":[{"taxonomy":"category","embeddable":true,"href":"https:\/\/corrientesdetarde.com\/index.php\/wp-json\/wp\/v2\/categories?post=21025"},{"taxonomy":"post_tag","embeddable":true,"href":"https:\/\/corrientesdetarde.com\/index.php\/wp-json\/wp\/v2\/tags?post=21025"}],"curies":[{"name":"wp","href":"https:\/\/api.w.org\/{rel}","templated":true}]}}