{"id":210324,"date":"2025-05-30T23:44:58","date_gmt":"2025-05-31T02:44:58","guid":{"rendered":"https:\/\/corrientesdetarde.com\/?p=210324"},"modified":"2025-05-30T23:45:01","modified_gmt":"2025-05-31T02:45:01","slug":"valdes-encabezara-el-acto-central-por-el-219o-aniversario-de-san-luis-del-palmar","status":"publish","type":"post","link":"https:\/\/corrientesdetarde.com\/index.php\/actualidad\/valdes-encabezara-el-acto-central-por-el-219o-aniversario-de-san-luis-del-palmar\/","title":{"rendered":"Vald\u00e9s encabezar\u00e1 el acto central por el 219\u00ba Aniversario de San Luis del Palmar"},"content":{"rendered":"\n<p>El gobernador Gustavo Vald\u00e9s, participar\u00e1 del acto en conmemoraci\u00f3n al 219\u00ba Aniversario de la fundaci\u00f3n de San Luis del Palmar, que se realizar\u00e1 por Av. Rivadavia, frente a la Parroquia \u201cSan Luis Rey\u201d, este s\u00e1bado 31 de mayo a las 10 de la ma\u00f1ana.<\/p>\n","protected":false},"excerpt":{"rendered":"<p>El gobernador Gustavo Vald\u00e9s, participar\u00e1 del acto en conmemoraci\u00f3n al 219\u00ba Aniversario de la fundaci\u00f3n de San Luis del Palmar, que se realizar\u00e1 por Av. Rivadavia, frente a la Parroquia&hellip; <\/p>\n","protected":false},"author":4,"featured_media":210347,"comment_status":"closed","ping_status":"open","sticky":false,"template":"","format":"standard","meta":{"footnotes":""},"categories":[23],"tags":[],"class_list":["post-210324","post","type-post","status-publish","format-standard","has-post-thumbnail","hentry","category-actualidad"],"_links":{"self":[{"href":"https:\/\/corrientesdetarde.com\/index.php\/wp-json\/wp\/v2\/posts\/210324","targetHints":{"allow":["GET"]}}],"collection":[{"href":"https:\/\/corrientesdetarde.com\/index.php\/wp-json\/wp\/v2\/posts"}],"about":[{"href":"https:\/\/corrientesdetarde.com\/index.php\/wp-json\/wp\/v2\/types\/post"}],"author":[{"embeddable":true,"href":"https:\/\/corrientesdetarde.com\/index.php\/wp-json\/wp\/v2\/users\/4"}],"replies":[{"embeddable":true,"href":"https:\/\/corrientesdetarde.com\/index.php\/wp-json\/wp\/v2\/comments?post=210324"}],"version-history":[{"count":1,"href":"https:\/\/corrientesdetarde.com\/index.php\/wp-json\/wp\/v2\/posts\/210324\/revisions"}],"predecessor-version":[{"id":210348,"href":"https:\/\/corrientesdetarde.com\/index.php\/wp-json\/wp\/v2\/posts\/210324\/revisions\/210348"}],"wp:featuredmedia":[{"embeddable":true,"href":"https:\/\/corrientesdetarde.com\/index.php\/wp-json\/wp\/v2\/media\/210347"}],"wp:attachment":[{"href":"https:\/\/corrientesdetarde.com\/index.php\/wp-json\/wp\/v2\/media?parent=210324"}],"wp:term":[{"taxonomy":"category","embeddable":true,"href":"https:\/\/corrientesdetarde.com\/index.php\/wp-json\/wp\/v2\/categories?post=210324"},{"taxonomy":"post_tag","embeddable":true,"href":"https:\/\/corrientesdetarde.com\/index.php\/wp-json\/wp\/v2\/tags?post=210324"}],"curies":[{"name":"wp","href":"https:\/\/api.w.org\/{rel}","templated":true}]}}