{"id":210326,"date":"2025-05-30T21:53:07","date_gmt":"2025-05-31T00:53:07","guid":{"rendered":"https:\/\/corrientesdetarde.com\/?p=210326"},"modified":"2025-05-30T21:53:13","modified_gmt":"2025-05-31T00:53:13","slug":"valentino-merlo-anuncia-su-nueva-fecha-en-resistencia","status":"publish","type":"post","link":"https:\/\/corrientesdetarde.com\/index.php\/destacados\/valentino-merlo-anuncia-su-nueva-fecha-en-resistencia\/","title":{"rendered":"Valentino Merlo anuncia su nueva fecha en Resistencia"},"content":{"rendered":"\n<p>El artista argentino del momento llega por primera vez a Resistencia el 16 de junio a las 21.30 horas en el Domo del Centenario (Av. de los Inmigrantes 300). Las \u00faltimas entradas se pueden adquirir a trav\u00e9s de&nbsp;<a href=\"http:\/\/butacauno.com\/\" target=\"_blank\" rel=\"noreferrer noopener\">butacauno.com<\/a>&nbsp;y en el punto de venta oficial ubicado en Butacauno con direcci\u00f3n en Frondizi 33.<\/p>\n\n\n\n<p>\u201c\u00bfQu\u00e9 onda toda mi gente hermosa de Resistencia? Aca Valentino Merlo les traigo esta hermosa noticia. Este pr\u00f3ximo 16 de junio los espero en el Domo del Centenario, ah\u00ed en Resistencia. Un show \u00fanico. Valentino Merlo ah\u00ed en vivo para todos ustedes. Vamos a disfrutar en familia. Un show incre\u00edble. Los amo y los espero.\u201d invitaba con un video el cantante en redes sociales.<\/p>\n\n\n\n<p>Valentino naci\u00f3 en Rosario en 2008 y desde muy chico mostr\u00f3 una inclinaci\u00f3n natural por la m\u00fasica y el escenario. Formado en canto, comedia musical y actuaci\u00f3n desde los siete a\u00f1os, sus primeras presentaciones p\u00fablicas fueron en encuentros familiares y escolares, hasta que un video viral marc\u00f3 un antes y un despu\u00e9s en su carrera.<\/p>\n\n\n\n<p>En 2023, un fragmento donde se lo ve\u00eda cantando espont\u00e1neamente en una clase de gimnasia acu\u00e1tica se volvi\u00f3 viral en redes sociales, catapult\u00e1ndolo al reconocimiento nacional. Lejos de ser una figura ef\u00edmera de Internet, Valentino aprovech\u00f3 esa exposici\u00f3n para consolidarse como artista. Su propuesta mezcla g\u00e9neros como el pop, la cumbia y la balada, con letras sinceras y frescas que reflejan la sensibilidad de su generaci\u00f3n.<\/p>\n\n\n\n<p>Entre sus temas m\u00e1s conocidos se destacan &#8220;Tu foto&#8221;, una colaboraci\u00f3n con Q\u2019 Lokura que super\u00f3 los 70 millones de vistas en YouTube, y &#8220;Hoy&#8221;, junto al grupo The La Planta, que lider\u00f3 los rankings durante semanas. Adem\u00e1s, ha sido invitado por artistas consagrados como Luck Ra y recibi\u00f3 elogios de personalidades destacadas del deporte y el espect\u00e1culo, lo que habla del impacto transversal de su m\u00fasica.<\/p>\n\n\n\n<p>Valentino Merlo llegar\u00e1 al Domo del Centenario en Resistencia para ofrecer un show vibrante, en el marco de una gira nacional que lo posiciona como una de las revelaciones m\u00e1s prometedoras de la escena musical argentina. Con apenas 16 a\u00f1os, Valentino se ha ganado un lugar en el coraz\u00f3n del p\u00fablico gracias a su talento innato, su voz distintiva y su capacidad para conectar con la audiencia desde la autenticidad.<\/p>\n\n\n\n<p>+info:<\/p>\n\n\n\n<p>@butacauno<\/p>\n\n\n\n<p>Entradas Resistencia:<\/p>\n\n\n\n<p><a href=\"https:\/\/www.butacauno.com.ar\/funciones\/detalle\/244\">https:\/\/www.butacauno.com.ar\/funciones\/detalle\/244<\/a><\/p>\n","protected":false},"excerpt":{"rendered":"<p>El artista argentino del momento llega por primera vez a Resistencia el 16 de junio a las 21.30 horas en el Domo del Centenario (Av. de los Inmigrantes 300). Las&hellip; <\/p>\n","protected":false},"author":4,"featured_media":210335,"comment_status":"closed","ping_status":"open","sticky":false,"template":"","format":"standard","meta":{"footnotes":""},"categories":[26],"tags":[],"class_list":["post-210326","post","type-post","status-publish","format-standard","has-post-thumbnail","hentry","category-destacados"],"_links":{"self":[{"href":"https:\/\/corrientesdetarde.com\/index.php\/wp-json\/wp\/v2\/posts\/210326","targetHints":{"allow":["GET"]}}],"collection":[{"href":"https:\/\/corrientesdetarde.com\/index.php\/wp-json\/wp\/v2\/posts"}],"about":[{"href":"https:\/\/corrientesdetarde.com\/index.php\/wp-json\/wp\/v2\/types\/post"}],"author":[{"embeddable":true,"href":"https:\/\/corrientesdetarde.com\/index.php\/wp-json\/wp\/v2\/users\/4"}],"replies":[{"embeddable":true,"href":"https:\/\/corrientesdetarde.com\/index.php\/wp-json\/wp\/v2\/comments?post=210326"}],"version-history":[{"count":2,"href":"https:\/\/corrientesdetarde.com\/index.php\/wp-json\/wp\/v2\/posts\/210326\/revisions"}],"predecessor-version":[{"id":210337,"href":"https:\/\/corrientesdetarde.com\/index.php\/wp-json\/wp\/v2\/posts\/210326\/revisions\/210337"}],"wp:featuredmedia":[{"embeddable":true,"href":"https:\/\/corrientesdetarde.com\/index.php\/wp-json\/wp\/v2\/media\/210335"}],"wp:attachment":[{"href":"https:\/\/corrientesdetarde.com\/index.php\/wp-json\/wp\/v2\/media?parent=210326"}],"wp:term":[{"taxonomy":"category","embeddable":true,"href":"https:\/\/corrientesdetarde.com\/index.php\/wp-json\/wp\/v2\/categories?post=210326"},{"taxonomy":"post_tag","embeddable":true,"href":"https:\/\/corrientesdetarde.com\/index.php\/wp-json\/wp\/v2\/tags?post=210326"}],"curies":[{"name":"wp","href":"https:\/\/api.w.org\/{rel}","templated":true}]}}