{"id":210338,"date":"2025-05-30T22:48:40","date_gmt":"2025-05-31T01:48:40","guid":{"rendered":"https:\/\/corrientesdetarde.com\/?p=210338"},"modified":"2025-05-30T22:53:37","modified_gmt":"2025-05-31T01:53:37","slug":"la-cultura-peregrina-sanluisena-fue-protagonista-de-una-muestra-en-corrientes","status":"publish","type":"post","link":"https:\/\/corrientesdetarde.com\/index.php\/cultura\/la-cultura-peregrina-sanluisena-fue-protagonista-de-una-muestra-en-corrientes\/","title":{"rendered":"La \u201cCultura Peregrina Sanluise\u00f1a\u201d fue protagonista de una muestra en Corrientes"},"content":{"rendered":"\n<p>Los d\u00edas 27 y 28 de mayo se llev\u00f3 a cabo en la ciudad de Corrientes la 1\u00aa Muestra de Cultura Peregrina Sanluise\u00f1a. Un evento que tuvo como prop\u00f3sito visibilizar y poner en valor la hist\u00f3rica peregrinaci\u00f3n de San Luis del Palmar al santuario de la Virgen de Itat\u00ed, declarada Patrimonio Cultural Inmaterial de la Provincia de Corrientes en el a\u00f1o 2021.<\/p>\n\n\n\n<figure class=\"wp-block-image size-full\"><img loading=\"lazy\" decoding=\"async\" width=\"374\" height=\"494\" src=\"https:\/\/corrientesdetarde.com\/wp-content\/uploads\/2025\/05\/image-1096.png\" alt=\"\" class=\"wp-image-210339\" srcset=\"https:\/\/corrientesdetarde.com\/wp-content\/uploads\/2025\/05\/image-1096.png 374w, https:\/\/corrientesdetarde.com\/wp-content\/uploads\/2025\/05\/image-1096-227x300.png 227w\" sizes=\"auto, (max-width: 374px) 100vw, 374px\" \/><\/figure>\n\n\n\n<p><\/p>\n\n\n\n<p>El Acto Central se realiz\u00f3 el martes 27, presentando oficialmente esta Muestra, que da cuenta de una manifestaci\u00f3n cultural que cuenta con m\u00e1s de 120 a\u00f1os de historia. En la ocasi\u00f3n, estuvieron presentes Beatriz Kunin, presidenta&nbsp;del Instituto de Cultura de Corrientes el padre Ariel Weiman, vicario del Arzobispado de Corrientes; Pablo Obreg\u00f3n, secretario de Cultura del Municipio de San Luis del Palmar; familias peregrinas como la de Do\u00f1a Maruca, representada por Graciela Lapuente y Jos\u00e9 \u201cChingolo\u201d Ver\u00f3n. Tambi\u00e9n asistieron representantes de organismos oficiales, instituciones y miembros de la comunidad.<\/p>\n\n\n\n<p>Durante el acto se compartieron testimonios en primera persona de quienes han vivido, estudiado o acompa\u00f1ado esta manifestaci\u00f3n cultural y religiosa, reafirmando su profundo valor como parte del acervo intangible de la regi\u00f3n.<\/p>\n\n\n\n<figure class=\"wp-block-image size-full\"><img loading=\"lazy\" decoding=\"async\" width=\"589\" height=\"908\" src=\"https:\/\/corrientesdetarde.com\/wp-content\/uploads\/2025\/05\/image-1097.png\" alt=\"\" class=\"wp-image-210340\" srcset=\"https:\/\/corrientesdetarde.com\/wp-content\/uploads\/2025\/05\/image-1097.png 589w, https:\/\/corrientesdetarde.com\/wp-content\/uploads\/2025\/05\/image-1097-195x300.png 195w\" sizes=\"auto, (max-width: 589px) 100vw, 589px\" \/><\/figure>\n\n\n\n<p><strong>Muestra abierta<\/strong><\/p>\n\n\n\n<p>La muestra estuvo abierta al p\u00fablico durante todo el mi\u00e9rcoles 28 de mayo, recibiendo la visita de colegios cat\u00f3licos y vecinos de la comunidad.<\/p>\n\n\n\n<p>La exposici\u00f3n incluy\u00f3 un stand del Museo del Peregrino; emprendedores y artesanos sanluise\u00f1os, el tradicional Galp\u00f3n del Peregrino, la Asociaci\u00f3n de Escritores de San Luis del Palmar, el Museo de Artesan\u00edas Tradicionales, el Centro de Interpretaci\u00f3n del Chamam\u00e9, entre otros espacios.<\/p>\n\n\n\n<p><strong>Experiencias interactivas<\/strong><\/p>\n\n\n\n<p>Uno de los aspectos m\u00e1s destacados fue la presentaci\u00f3n de experiencias interactivas a trav\u00e9s de tecnolog\u00eda digital, desarrolladas por la Subsecretar\u00eda de Sistemas y Tecnolog\u00edas de la Informaci\u00f3n de Corrientes (SuSTI). Esta iniciativa se enmarca en un trabajo conjunto entre el Instituto de Cultura de Corrientes, la Cooperativa Sanluise\u00f1o RAPO, docentes y estudiantes de escuelas secundarias de San Luis del Palmar, iniciado el a\u00f1o pasado.<\/p>\n\n\n\n<p>Entre los desarrollos presentados se encuentran: una aplicaci\u00f3n m\u00f3vil con puntos clave de la peregrinaci\u00f3n geolocalizados; un sitio web municipal con material audiovisual sobre la manifestaci\u00f3n y contenidos de gastronom\u00eda t\u00edpica en realidad aumentada<\/p>\n\n\n\n<p>Esta muestra reflej\u00f3 una vez m\u00e1s la sinergia entre instituciones, comunidad y cultura, poniendo en valor una de las expresiones de fe y tradici\u00f3n m\u00e1s significativas de la provincia.<\/p>\n\n\n\n<p>Cabe se\u00f1alar que esta actividad estuvo organizada por la Cooperativa Sanluise\u00f1o Rapo, representada por Hern\u00e1n Rodr\u00edguez, el Programa Peregrino del Palmar coordinado por Marcelo G\u00f3mez, con el apoyo del Instituto de Cultura y el Arzobispado de Corrientes.<\/p>\n","protected":false},"excerpt":{"rendered":"<p>Los d\u00edas 27 y 28 de mayo se llev\u00f3 a cabo en la ciudad de Corrientes la 1\u00aa Muestra de Cultura Peregrina Sanluise\u00f1a. Un evento que tuvo como prop\u00f3sito visibilizar&hellip; <\/p>\n","protected":false},"author":4,"featured_media":210342,"comment_status":"closed","ping_status":"open","sticky":false,"template":"","format":"standard","meta":{"footnotes":""},"categories":[15],"tags":[],"class_list":["post-210338","post","type-post","status-publish","format-standard","has-post-thumbnail","hentry","category-cultura"],"_links":{"self":[{"href":"https:\/\/corrientesdetarde.com\/index.php\/wp-json\/wp\/v2\/posts\/210338","targetHints":{"allow":["GET"]}}],"collection":[{"href":"https:\/\/corrientesdetarde.com\/index.php\/wp-json\/wp\/v2\/posts"}],"about":[{"href":"https:\/\/corrientesdetarde.com\/index.php\/wp-json\/wp\/v2\/types\/post"}],"author":[{"embeddable":true,"href":"https:\/\/corrientesdetarde.com\/index.php\/wp-json\/wp\/v2\/users\/4"}],"replies":[{"embeddable":true,"href":"https:\/\/corrientesdetarde.com\/index.php\/wp-json\/wp\/v2\/comments?post=210338"}],"version-history":[{"count":2,"href":"https:\/\/corrientesdetarde.com\/index.php\/wp-json\/wp\/v2\/posts\/210338\/revisions"}],"predecessor-version":[{"id":210344,"href":"https:\/\/corrientesdetarde.com\/index.php\/wp-json\/wp\/v2\/posts\/210338\/revisions\/210344"}],"wp:featuredmedia":[{"embeddable":true,"href":"https:\/\/corrientesdetarde.com\/index.php\/wp-json\/wp\/v2\/media\/210342"}],"wp:attachment":[{"href":"https:\/\/corrientesdetarde.com\/index.php\/wp-json\/wp\/v2\/media?parent=210338"}],"wp:term":[{"taxonomy":"category","embeddable":true,"href":"https:\/\/corrientesdetarde.com\/index.php\/wp-json\/wp\/v2\/categories?post=210338"},{"taxonomy":"post_tag","embeddable":true,"href":"https:\/\/corrientesdetarde.com\/index.php\/wp-json\/wp\/v2\/tags?post=210338"}],"curies":[{"name":"wp","href":"https:\/\/api.w.org\/{rel}","templated":true}]}}