{"id":210349,"date":"2025-05-30T23:55:35","date_gmt":"2025-05-31T02:55:35","guid":{"rendered":"https:\/\/corrientesdetarde.com\/?p=210349"},"modified":"2025-05-30T23:55:46","modified_gmt":"2025-05-31T02:55:46","slug":"el-intendente-tassano-participo-en-la-primera-pena-franciscana-de-la-ciudad","status":"publish","type":"post","link":"https:\/\/corrientesdetarde.com\/index.php\/actualidad\/el-intendente-tassano-participo-en-la-primera-pena-franciscana-de-la-ciudad\/","title":{"rendered":"El intendente Tassano particip\u00f3 en la primera Pe\u00f1a Franciscana de la ciudad"},"content":{"rendered":"\n<p><em>La noche cont\u00f3 con diversos n\u00fameros art\u00edsticos y gran concurrencia. Los fondos recaudados ser\u00e1n donados a la Parroquia San Francisco Solano.<\/em><\/p>\n\n\n\n<figure class=\"wp-block-image size-large\"><img loading=\"lazy\" decoding=\"async\" width=\"1024\" height=\"676\" src=\"https:\/\/corrientesdetarde.com\/wp-content\/uploads\/2025\/05\/image-1098-1024x676.png\" alt=\"\" class=\"wp-image-210350\" srcset=\"https:\/\/corrientesdetarde.com\/wp-content\/uploads\/2025\/05\/image-1098-1024x676.png 1024w, https:\/\/corrientesdetarde.com\/wp-content\/uploads\/2025\/05\/image-1098-300x198.png 300w, https:\/\/corrientesdetarde.com\/wp-content\/uploads\/2025\/05\/image-1098-768x507.png 768w, https:\/\/corrientesdetarde.com\/wp-content\/uploads\/2025\/05\/image-1098.png 1263w\" sizes=\"auto, (max-width: 1024px) 100vw, 1024px\" \/><\/figure>\n\n\n\n<p>El intendente Eduardo Tassano particip\u00f3 en la 1\u00aa Pe\u00f1a Franciscana llevada adelante en la noche de este viernes. Con un objetivo solidario y comunitario, la actividad cont\u00f3 con la colaboraci\u00f3n de grupos musicales y de danza, adem\u00e1s de la presencia de emprendedores gastron\u00f3micos. \u201cEstamos acompa\u00f1ando todo este movimiento y eso nos pone contentos\u201d, valor\u00f3 el jefe comunal.<\/p>\n\n\n\n<p><br><br>El evento tuvo lugar en el patio de la Parroquia San Francisco Solano, ubicada en calle Mendoza entre Quintana y Mart\u00ednez. La grilla cont\u00f3 con cantores y cantoras de la ciudad como Luis Maul\u00edn, Bel\u00e9n Belcastro, Hugo Esc\u00f3fano y tambi\u00e9n la presentaci\u00f3n del Ballet Folcl\u00f3rico Municipal Las 7 Corrientes.<br><br>El evento cont\u00f3 con una importante participaci\u00f3n de vecinos y familias, quienes se acercaron a colaborar y disfrutar de una velada especial organizada por el Consejo Econ\u00f3mico de la parroquia. Lo recaudado ser\u00e1 destinado a los gastos de mantenimiento del espacio.\u00a0<br><br>\u201cNosotros apoyamos muchas actividades culturales y m\u00e1s estas que tienen que ver con la comunidad y, sobre todo, con el movimiento franciscano\u201d, concluy\u00f3 el intendente.\u00a0<\/p>\n\n\n\n<figure class=\"wp-block-image size-large\"><img loading=\"lazy\" decoding=\"async\" width=\"1024\" height=\"684\" src=\"https:\/\/corrientesdetarde.com\/wp-content\/uploads\/2025\/05\/image-1100-1024x684.png\" alt=\"\" class=\"wp-image-210352\" srcset=\"https:\/\/corrientesdetarde.com\/wp-content\/uploads\/2025\/05\/image-1100-1024x684.png 1024w, https:\/\/corrientesdetarde.com\/wp-content\/uploads\/2025\/05\/image-1100-300x200.png 300w, https:\/\/corrientesdetarde.com\/wp-content\/uploads\/2025\/05\/image-1100-768x513.png 768w, https:\/\/corrientesdetarde.com\/wp-content\/uploads\/2025\/05\/image-1100.png 1243w\" sizes=\"auto, (max-width: 1024px) 100vw, 1024px\" \/><\/figure>\n\n\n\n<p><br><br>CELEBRACI\u00d3N POPULAR<br>Fray Sergio Carballo, Padre de la parroquia San Francisco Solano, se mostr\u00f3 muy emocionado por el apoyo a la iniciativa.\u201cEstamos muy agradecidos con las autoridades municipales, provinciales y la Secretar\u00eda de Cultura, que nos facilitaron asesoramiento e infraestructura, y tambi\u00e9n con los comerciantes y empresarios que sponsorean este evento\u201d, valor\u00f3.\u00a0<br><br>A su vez, se\u00f1al\u00f3 en su mensaje: \u201cEsta es la primera pe\u00f1a franciscana, con el deseo de que se repita y se convierta en una tradici\u00f3n. San Francisco Solano, nuestro patrono, es tambi\u00e9n el patrono del folclore en Argentina\u201d.\u00a0<br><br>Por su parte, Alma Graciela Bonavota, vecina de la ciudad, expres\u00f3: \u201cMe invit\u00f3 mi amigo, que pertenece a la parroquia, y me gustan los eventos de este estilo. Aparte, como es para una obra solidaria, es importante asistir y pasar un momento hermoso\u201d, coment\u00f3. Para concluir, tambi\u00e9n manifest\u00f3 su deseo de que este tipo de celebraciones contin\u00faen en el futuro.\u00a0<\/p>\n","protected":false},"excerpt":{"rendered":"<p>La noche cont\u00f3 con diversos n\u00fameros art\u00edsticos y gran concurrencia. Los fondos recaudados ser\u00e1n donados a la Parroquia San Francisco Solano. El intendente Eduardo Tassano particip\u00f3 en la 1\u00aa Pe\u00f1a&hellip; <\/p>\n","protected":false},"author":4,"featured_media":210353,"comment_status":"closed","ping_status":"open","sticky":false,"template":"","format":"standard","meta":{"footnotes":""},"categories":[23],"tags":[],"class_list":["post-210349","post","type-post","status-publish","format-standard","has-post-thumbnail","hentry","category-actualidad"],"_links":{"self":[{"href":"https:\/\/corrientesdetarde.com\/index.php\/wp-json\/wp\/v2\/posts\/210349","targetHints":{"allow":["GET"]}}],"collection":[{"href":"https:\/\/corrientesdetarde.com\/index.php\/wp-json\/wp\/v2\/posts"}],"about":[{"href":"https:\/\/corrientesdetarde.com\/index.php\/wp-json\/wp\/v2\/types\/post"}],"author":[{"embeddable":true,"href":"https:\/\/corrientesdetarde.com\/index.php\/wp-json\/wp\/v2\/users\/4"}],"replies":[{"embeddable":true,"href":"https:\/\/corrientesdetarde.com\/index.php\/wp-json\/wp\/v2\/comments?post=210349"}],"version-history":[{"count":1,"href":"https:\/\/corrientesdetarde.com\/index.php\/wp-json\/wp\/v2\/posts\/210349\/revisions"}],"predecessor-version":[{"id":210354,"href":"https:\/\/corrientesdetarde.com\/index.php\/wp-json\/wp\/v2\/posts\/210349\/revisions\/210354"}],"wp:featuredmedia":[{"embeddable":true,"href":"https:\/\/corrientesdetarde.com\/index.php\/wp-json\/wp\/v2\/media\/210353"}],"wp:attachment":[{"href":"https:\/\/corrientesdetarde.com\/index.php\/wp-json\/wp\/v2\/media?parent=210349"}],"wp:term":[{"taxonomy":"category","embeddable":true,"href":"https:\/\/corrientesdetarde.com\/index.php\/wp-json\/wp\/v2\/categories?post=210349"},{"taxonomy":"post_tag","embeddable":true,"href":"https:\/\/corrientesdetarde.com\/index.php\/wp-json\/wp\/v2\/tags?post=210349"}],"curies":[{"name":"wp","href":"https:\/\/api.w.org\/{rel}","templated":true}]}}