{"id":210357,"date":"2025-05-31T01:31:16","date_gmt":"2025-05-31T04:31:16","guid":{"rendered":"https:\/\/corrientesdetarde.com\/?p=210357"},"modified":"2025-05-31T13:05:39","modified_gmt":"2025-05-31T16:05:39","slug":"el-combustible-volvera-a-subir-de-precio-desde-este-domingo","status":"publish","type":"post","link":"https:\/\/corrientesdetarde.com\/index.php\/locales\/el-combustible-volvera-a-subir-de-precio-desde-este-domingo\/","title":{"rendered":"El combustible volver\u00e1 a subir de precio desde este domingo"},"content":{"rendered":"\n<p>El precio de la nafta y el gasoil aumentar\u00e1 1% promedio en las estaciones de servicio de YPF a partir del domingo 1 de junio para compensar la suba de un impuesto que defini\u00f3 el Gobierno, seg\u00fan anticiparon a Infobae fuentes de la compa\u00f1\u00eda. Se espera que las dem\u00e1s petroleras apliquen subas similares a los dispuestos por la empresa de mayor\u00eda estatal.<\/p>\n\n\n\n<p>&#8220;YPF renueva su compromiso de mantener un acuerdo honesto con los consumidores, que se basa en el monitoreo continuo de las principales variables que componen el precio de sus productos: precio internacional del petr\u00f3leo, tipo de cambio, impuestos a los combustibles y biocombustibles&#8221;, precis\u00f3 la empresa.<\/p>\n\n\n\n<p>La decisi\u00f3n se conoce luego de que el Gobierno postergara la actualizaci\u00f3n correspondiente de los impuestos a los combustibles l\u00edquidos (ICL) y al di\u00f3xido de carbono (IDC) y solo aplicara una suba del 1%, que, seg\u00fan estimaciones de la consultora Econom\u00eda y Energ\u00eda, implica un costo fiscal mensual superior a los USD 200 millones. En marzo se hab\u00edan recuperado el ajuste pendiente por la inflaci\u00f3n deel \u00faltimo trimestre de 2023, pero quedan pendientes los cuatro trimestres de 2024 y el primero de 2025.<\/p>\n","protected":false},"excerpt":{"rendered":"<p>El precio de la nafta y el gasoil aumentar\u00e1 1% promedio en las estaciones de servicio de YPF a partir del domingo 1 de junio para compensar la suba de&hellip; <\/p>\n","protected":false},"author":1,"featured_media":144270,"comment_status":"closed","ping_status":"open","sticky":false,"template":"","format":"standard","meta":{"footnotes":""},"categories":[20,8],"tags":[],"class_list":["post-210357","post","type-post","status-publish","format-standard","has-post-thumbnail","hentry","category-economia","category-locales"],"_links":{"self":[{"href":"https:\/\/corrientesdetarde.com\/index.php\/wp-json\/wp\/v2\/posts\/210357","targetHints":{"allow":["GET"]}}],"collection":[{"href":"https:\/\/corrientesdetarde.com\/index.php\/wp-json\/wp\/v2\/posts"}],"about":[{"href":"https:\/\/corrientesdetarde.com\/index.php\/wp-json\/wp\/v2\/types\/post"}],"author":[{"embeddable":true,"href":"https:\/\/corrientesdetarde.com\/index.php\/wp-json\/wp\/v2\/users\/1"}],"replies":[{"embeddable":true,"href":"https:\/\/corrientesdetarde.com\/index.php\/wp-json\/wp\/v2\/comments?post=210357"}],"version-history":[{"count":1,"href":"https:\/\/corrientesdetarde.com\/index.php\/wp-json\/wp\/v2\/posts\/210357\/revisions"}],"predecessor-version":[{"id":210361,"href":"https:\/\/corrientesdetarde.com\/index.php\/wp-json\/wp\/v2\/posts\/210357\/revisions\/210361"}],"wp:featuredmedia":[{"embeddable":true,"href":"https:\/\/corrientesdetarde.com\/index.php\/wp-json\/wp\/v2\/media\/144270"}],"wp:attachment":[{"href":"https:\/\/corrientesdetarde.com\/index.php\/wp-json\/wp\/v2\/media?parent=210357"}],"wp:term":[{"taxonomy":"category","embeddable":true,"href":"https:\/\/corrientesdetarde.com\/index.php\/wp-json\/wp\/v2\/categories?post=210357"},{"taxonomy":"post_tag","embeddable":true,"href":"https:\/\/corrientesdetarde.com\/index.php\/wp-json\/wp\/v2\/tags?post=210357"}],"curies":[{"name":"wp","href":"https:\/\/api.w.org\/{rel}","templated":true}]}}