{"id":210358,"date":"2025-05-31T01:29:13","date_gmt":"2025-05-31T04:29:13","guid":{"rendered":"https:\/\/corrientesdetarde.com\/?p=210358"},"modified":"2025-05-31T01:29:18","modified_gmt":"2025-05-31T04:29:18","slug":"una-calle-del-microcentro-de-corrientes-estara-cortada-hasta-el-domingo","status":"publish","type":"post","link":"https:\/\/corrientesdetarde.com\/index.php\/locales\/una-calle-del-microcentro-de-corrientes-estara-cortada-hasta-el-domingo\/","title":{"rendered":"Una calle del microcentro de Corrientes estar\u00e1 cortada hasta el domingo"},"content":{"rendered":"\n<p>Se trata de San Juan, entre 9 de Julio y Agust\u00edn Gonz\u00e1lez.<\/p>\n\n\n\n<p><\/p>\n\n\n\n<p>En el lugar se llevar\u00e1 adelante el&nbsp;retiro de gr\u00faa en la obra del Museo de Arte Contempor\u00e1neo de Corrientes \u00d1ande MAC<\/p>\n\n\n\n<p><strong>MUSEO<\/strong><\/p>\n\n\n\n<p>En el edificio donde funcionaba el Banco de Corrientes (9 de Julio y San Juan) se lleva adelante&nbsp;la construcci\u00f3n del Museo de Arte Contempor\u00e1neo \u00d1ande Mac creado por la Ley 6521 en el a\u00f1o 2019.<\/p>\n\n\n\n<p>Desde el Instituto de Cultura confirmaron que la obra demandar\u00e1 una inversi\u00f3n de 3.024.990.160 de pesos. &nbsp;<\/p>\n\n\n\n<p>El impulsor de esta idea fue el artista pl\u00e1stico Luis Niveiro quien a\u00f1os atr\u00e1s don\u00f3 parte de su colecci\u00f3n de arte y la convirti\u00f3 en patrimonio fundacional del futuro museo. Este patrimonio se increment\u00f3 notablemente en los \u00faltimos a\u00f1os gracias a la donaci\u00f3n de artistas locales, nacionales e internacionales.&nbsp;<\/p>\n\n\n\n<p>Luis Niveiro es artista pl\u00e1stico y, desde el 2027 viene impulsando la creaci\u00f3n de un Museo de Arte Contempor\u00e1neo para la capital correntina. \u201cLos proyectos nunca terminan, al principio ten\u00edamos la idea de crear una Asociaci\u00f3n de Amigos del Museo, cuando lo logramos hicimos un proyecto de ley para la creaci\u00f3n del primer museo de Artes Contempor\u00e1neo de Corrientes, una vez aprobado eso, se avanz\u00f3 junto al Gobierno de Corrientes en la b\u00fasqueda de un espacio f\u00edsico para la flamante instituci\u00f3n\u201d, dijo el artista y cont\u00f3 que mientras est\u00e1n construyendo el edificio en la esquina de 9 de Julio y San Juan, se est\u00e1 pensando en nuevos espacios para que funcionen dentro y fuera de la edificaci\u00f3n.<\/p>\n\n\n\n<p><strong>\u201cEl lugar deber\u00eda estar listo en diciembre del 2025. Ojala todo salga bien y se logre\u201d<\/strong>, marc\u00f3.<\/p>\n\n\n\n<p><a href=\"https:\/\/www.ellitoral.com.ar\/corrientes\/2024-5-25-17-54-0-estiman-que-el-nande-mac-sera-inaugurado-a-fines-del-2025\"><\/a><\/p>\n","protected":false},"excerpt":{"rendered":"<p>Se trata de San Juan, entre 9 de Julio y Agust\u00edn Gonz\u00e1lez. En el lugar se llevar\u00e1 adelante el&nbsp;retiro de gr\u00faa en la obra del Museo de Arte Contempor\u00e1neo de&hellip; <\/p>\n","protected":false},"author":1,"featured_media":210359,"comment_status":"closed","ping_status":"open","sticky":false,"template":"","format":"standard","meta":{"footnotes":""},"categories":[8],"tags":[],"class_list":["post-210358","post","type-post","status-publish","format-standard","has-post-thumbnail","hentry","category-locales"],"_links":{"self":[{"href":"https:\/\/corrientesdetarde.com\/index.php\/wp-json\/wp\/v2\/posts\/210358","targetHints":{"allow":["GET"]}}],"collection":[{"href":"https:\/\/corrientesdetarde.com\/index.php\/wp-json\/wp\/v2\/posts"}],"about":[{"href":"https:\/\/corrientesdetarde.com\/index.php\/wp-json\/wp\/v2\/types\/post"}],"author":[{"embeddable":true,"href":"https:\/\/corrientesdetarde.com\/index.php\/wp-json\/wp\/v2\/users\/1"}],"replies":[{"embeddable":true,"href":"https:\/\/corrientesdetarde.com\/index.php\/wp-json\/wp\/v2\/comments?post=210358"}],"version-history":[{"count":1,"href":"https:\/\/corrientesdetarde.com\/index.php\/wp-json\/wp\/v2\/posts\/210358\/revisions"}],"predecessor-version":[{"id":210360,"href":"https:\/\/corrientesdetarde.com\/index.php\/wp-json\/wp\/v2\/posts\/210358\/revisions\/210360"}],"wp:featuredmedia":[{"embeddable":true,"href":"https:\/\/corrientesdetarde.com\/index.php\/wp-json\/wp\/v2\/media\/210359"}],"wp:attachment":[{"href":"https:\/\/corrientesdetarde.com\/index.php\/wp-json\/wp\/v2\/media?parent=210358"}],"wp:term":[{"taxonomy":"category","embeddable":true,"href":"https:\/\/corrientesdetarde.com\/index.php\/wp-json\/wp\/v2\/categories?post=210358"},{"taxonomy":"post_tag","embeddable":true,"href":"https:\/\/corrientesdetarde.com\/index.php\/wp-json\/wp\/v2\/tags?post=210358"}],"curies":[{"name":"wp","href":"https:\/\/api.w.org\/{rel}","templated":true}]}}