{"id":210364,"date":"2025-05-31T01:36:07","date_gmt":"2025-05-31T04:36:07","guid":{"rendered":"https:\/\/corrientesdetarde.com\/?p=210364"},"modified":"2025-05-31T01:36:10","modified_gmt":"2025-05-31T04:36:10","slug":"kora-un-taguato-rescatado-de-la-cautividad-vuelve-a-volar-en-libertad","status":"publish","type":"post","link":"https:\/\/corrientesdetarde.com\/index.php\/medio-ambiente\/kora-un-taguato-rescatado-de-la-cautividad-vuelve-a-volar-en-libertad\/","title":{"rendered":"Kora, un Taguat\u00f3 rescatado de la cautividad vuelve a volar en libertad"},"content":{"rendered":"\n<p>Un Taguat\u00f3 (\ud835\udc79\ud835\udc96\ud835\udc91\ud835\udc90\ud835\udc93\ud835\udc8f\ud835\udc8a\ud835\udc94 \ud835\udc8e\ud835\udc82\ud835\udc88\ud835\udc8f\ud835\udc8a\ud835\udc93\ud835\udc90\ud835\udc94\ud835\udc95\ud835\udc93\ud835\udc8a\ud835\udc94), v\u00edctima de mascotismo ingres\u00f3 hace meses\u00a0al Centro de Conservaci\u00f3n Aguar\u00e1 tras ser mantenido como mascota en la localidad de Virasoro. Kora, como lo nombraron, lleg\u00f3 con sus plumas cortadas, una pr\u00e1ctica com\u00fan para evitar que las aves escapen, pero que atenta directamente contra su naturaleza y bienestar.\u00a0<strong>Despu\u00e9s de un tratamiento prolongado, aprendi\u00f3 a volar y ahora volvi\u00f3 a su h\u00e1bitat natural.\u00a0<\/strong><\/p>\n\n\n\n<p><img decoding=\"async\" src=\"https:\/\/pxcdn.ellitoral.com.ar\/litoral\/052025\/1748641010049.jpg?cw=807\" alt=\"Kora, un Taguat\u00f3 rescatado de la cautividad vuelve a volar en libertad\"><\/p>\n\n\n\n<p>Centro de Conservaci\u00f3n Aguar\u00e1<\/p>\n\n\n\n<p>El mascotismo de fauna silvestre sigue siendo una pr\u00e1ctica frecuente que no solo es ilegal \u2014seg\u00fan la Ley Nacional N\u00b0 22.421 de Conservaci\u00f3n de la Fauna Silvestre\u2014, sino que adem\u00e1s genera un enorme sufrimiento en los animales. Estr\u00e9s, ansiedad, depresi\u00f3n, comportamientos anormales y enfermedades son solo algunas de las consecuencias que afrontan las especies que terminan en cautiverio.<img decoding=\"async\" alt=\"Kora, un Taguat\u00f3 rescatado de la cautividad vuelve a volar en libertad\" src=\"https:\/\/pxcdn.ellitoral.com.ar\/litoral\/052025\/1748641013865.jpg?cw=807\"><\/p>\n\n\n\n<p>Centro de Conservaci\u00f3n Aguar\u00e1<\/p>\n\n\n\n<p><strong>\u201cCuando un ave ingresa con plumas cortadas, requiere un periodo prolongado de recuperaci\u00f3n, aproximadamente un a\u00f1o o m\u00e1s para que sus plumas vuelvan a crecer. Luego necesita tiempo para recuperar fuerzas, muscular y volver a volar. Durante este proceso, el animal est\u00e1 expuesto a los efectos negativos del cautiverio, lo que puede complicar su rehabilitaci\u00f3n\u201d,<\/strong>&nbsp;explicaron desde el equipo de Veterinaria y Bienestar Animal del Centro Aguar\u00e1 en un posteo en redes sociales.&nbsp;<img decoding=\"async\" alt=\"Kora, un Taguat\u00f3 rescatado de la cautividad vuelve a volar en libertad\" src=\"https:\/\/pxcdn.ellitoral.com.ar\/litoral\/052025\/1748641010864.jpg?cw=807\"><\/p>\n\n\n\n<p>Centro de Conservaci\u00f3n Aguar\u00e1<img decoding=\"async\" alt=\"Kora, un Taguat\u00f3 rescatado de la cautividad vuelve a volar en libertad\" src=\"https:\/\/pxcdn.ellitoral.com.ar\/litoral\/052025\/1748641012060.jpg?cw=807\"><\/p>\n\n\n\n<p>Centro de Conservaci\u00f3n Aguar\u00e1<\/p>\n\n\n\n<p>A pesar de las dificultades, Kora logr\u00f3 superar su periodo de recuperaci\u00f3n gracias al trabajo incansable del personal y los voluntarios. Con esfuerzo y dedicaci\u00f3n, este<strong>&nbsp;Taguat\u00f3 volvi\u00f3 a extender sus alas y fue liberado para reintegrarse a su h\u00e1bitat natural.<\/strong><\/p>\n\n\n\n<p>Este caso pone de manifiesto el compromiso de las instituciones dedicadas a la conservaci\u00f3n y recuerda la importancia de respetar a la fauna silvestre y dejarla en el lugar al que pertenece, la naturaleza.<img decoding=\"async\" alt=\"Kora, un Taguat\u00f3 rescatado de la cautividad vuelve a volar en libertad\" src=\"https:\/\/pxcdn.ellitoral.com.ar\/litoral\/052025\/1748641008010.jpg?cw=446\"><\/p>\n\n\n\n<p>Centro de Conservaci\u00f3n Aguar\u00e1<\/p>\n","protected":false},"excerpt":{"rendered":"<p>Un Taguat\u00f3 (\ud835\udc79\ud835\udc96\ud835\udc91\ud835\udc90\ud835\udc93\ud835\udc8f\ud835\udc8a\ud835\udc94 \ud835\udc8e\ud835\udc82\ud835\udc88\ud835\udc8f\ud835\udc8a\ud835\udc93\ud835\udc90\ud835\udc94\ud835\udc95\ud835\udc93\ud835\udc8a\ud835\udc94), v\u00edctima de mascotismo ingres\u00f3 hace meses\u00a0al Centro de Conservaci\u00f3n Aguar\u00e1 tras ser mantenido como mascota en la localidad de Virasoro. Kora, como lo nombraron, lleg\u00f3 con&hellip; <\/p>\n","protected":false},"author":1,"featured_media":210369,"comment_status":"closed","ping_status":"open","sticky":false,"template":"","format":"standard","meta":{"footnotes":""},"categories":[6],"tags":[],"class_list":["post-210364","post","type-post","status-publish","format-standard","has-post-thumbnail","hentry","category-medio-ambiente"],"_links":{"self":[{"href":"https:\/\/corrientesdetarde.com\/index.php\/wp-json\/wp\/v2\/posts\/210364","targetHints":{"allow":["GET"]}}],"collection":[{"href":"https:\/\/corrientesdetarde.com\/index.php\/wp-json\/wp\/v2\/posts"}],"about":[{"href":"https:\/\/corrientesdetarde.com\/index.php\/wp-json\/wp\/v2\/types\/post"}],"author":[{"embeddable":true,"href":"https:\/\/corrientesdetarde.com\/index.php\/wp-json\/wp\/v2\/users\/1"}],"replies":[{"embeddable":true,"href":"https:\/\/corrientesdetarde.com\/index.php\/wp-json\/wp\/v2\/comments?post=210364"}],"version-history":[{"count":1,"href":"https:\/\/corrientesdetarde.com\/index.php\/wp-json\/wp\/v2\/posts\/210364\/revisions"}],"predecessor-version":[{"id":210370,"href":"https:\/\/corrientesdetarde.com\/index.php\/wp-json\/wp\/v2\/posts\/210364\/revisions\/210370"}],"wp:featuredmedia":[{"embeddable":true,"href":"https:\/\/corrientesdetarde.com\/index.php\/wp-json\/wp\/v2\/media\/210369"}],"wp:attachment":[{"href":"https:\/\/corrientesdetarde.com\/index.php\/wp-json\/wp\/v2\/media?parent=210364"}],"wp:term":[{"taxonomy":"category","embeddable":true,"href":"https:\/\/corrientesdetarde.com\/index.php\/wp-json\/wp\/v2\/categories?post=210364"},{"taxonomy":"post_tag","embeddable":true,"href":"https:\/\/corrientesdetarde.com\/index.php\/wp-json\/wp\/v2\/tags?post=210364"}],"curies":[{"name":"wp","href":"https:\/\/api.w.org\/{rel}","templated":true}]}}