{"id":210373,"date":"2025-05-31T09:47:59","date_gmt":"2025-05-31T12:47:59","guid":{"rendered":"https:\/\/corrientesdetarde.com\/?p=210373"},"modified":"2025-05-31T09:48:10","modified_gmt":"2025-05-31T12:48:10","slug":"el-piloto-argentino-finalizo-decimoseptimo-en-la-practica-libre-3-del-gran-premio-de-espana","status":"publish","type":"post","link":"https:\/\/corrientesdetarde.com\/index.php\/deportes\/el-piloto-argentino-finalizo-decimoseptimo-en-la-practica-libre-3-del-gran-premio-de-espana\/","title":{"rendered":"El piloto argentino finaliz\u00f3 decimos\u00e9ptimo en la pr\u00e1ctica libre 3 del Gran Premio de Espa\u00f1a"},"content":{"rendered":"\n<p>El piloto argentino de la escuder\u00eda francesa Alpine, Franco Colapinto, finaliz\u00f3 en el decimos\u00e9ptimo lugar de la pr\u00e1ctica libre 3 del Gran Premio de Espa\u00f1a.<\/p>\n\n\n\n<p><\/p>\n\n\n\n<p>Con una gran diferencia de medio segundo sobre su compa\u00f1ero brit\u00e1nico Lando Norris, el australiano Oscar Piastri de McLaren se qued\u00f3 con el primer puesto en la pr\u00e1ctica libre y ambos confirmaron el predominio de la escuder\u00eda en el Circuito de Barcelona durante las purebas libres. El monegasco de Ferrari, Charles Leclerc, complet\u00f3 el podio en el tercer lugar.<\/p>\n\n\n\n<p>Por su parte, el joven argentino qued\u00f3 en el decimos\u00e9ptimo puesto tras iniciar la pr\u00e1ctica libre como escolta durante los primeros 10 minutos del brasile\u00f1o de Kick Sauber, Gabriel Bortoleto.&nbsp;<\/p>\n\n\n\n<p>El pilarense tuvo su mejor vuelta con el compuesto blando durante los minutos finales. El argentino cronometr\u00f3 1:14:085, posicionandose en el definitivo decimos\u00e9ptimo lugar, a una d\u00e9cima de su compa\u00f1ero franc\u00e9s Pierre Gasly.<\/p>\n\n\n\n<p>As\u00ed, el argentino de la escuder\u00eda francesa Alpine mejor\u00f3 la imagen que dej\u00f3 este viernes en las primeras dos pr\u00e1cticas libres donde finaliz\u00f3 ultimo en ambas con una preocupante performance. Ahora, Colapinto podr\u00e1 encarar de otra forma la clasificaci\u00f3n que tendr\u00e1 lugar este mismo s\u00e1bado a las 11 horas.<\/p>\n","protected":false},"excerpt":{"rendered":"<p>El piloto argentino de la escuder\u00eda francesa Alpine, Franco Colapinto, finaliz\u00f3 en el decimos\u00e9ptimo lugar de la pr\u00e1ctica libre 3 del Gran Premio de Espa\u00f1a. Con una gran diferencia de&hellip; <\/p>\n","protected":false},"author":1,"featured_media":210381,"comment_status":"closed","ping_status":"open","sticky":false,"template":"","format":"standard","meta":{"footnotes":""},"categories":[4],"tags":[],"class_list":["post-210373","post","type-post","status-publish","format-standard","has-post-thumbnail","hentry","category-deportes"],"_links":{"self":[{"href":"https:\/\/corrientesdetarde.com\/index.php\/wp-json\/wp\/v2\/posts\/210373","targetHints":{"allow":["GET"]}}],"collection":[{"href":"https:\/\/corrientesdetarde.com\/index.php\/wp-json\/wp\/v2\/posts"}],"about":[{"href":"https:\/\/corrientesdetarde.com\/index.php\/wp-json\/wp\/v2\/types\/post"}],"author":[{"embeddable":true,"href":"https:\/\/corrientesdetarde.com\/index.php\/wp-json\/wp\/v2\/users\/1"}],"replies":[{"embeddable":true,"href":"https:\/\/corrientesdetarde.com\/index.php\/wp-json\/wp\/v2\/comments?post=210373"}],"version-history":[{"count":1,"href":"https:\/\/corrientesdetarde.com\/index.php\/wp-json\/wp\/v2\/posts\/210373\/revisions"}],"predecessor-version":[{"id":210384,"href":"https:\/\/corrientesdetarde.com\/index.php\/wp-json\/wp\/v2\/posts\/210373\/revisions\/210384"}],"wp:featuredmedia":[{"embeddable":true,"href":"https:\/\/corrientesdetarde.com\/index.php\/wp-json\/wp\/v2\/media\/210381"}],"wp:attachment":[{"href":"https:\/\/corrientesdetarde.com\/index.php\/wp-json\/wp\/v2\/media?parent=210373"}],"wp:term":[{"taxonomy":"category","embeddable":true,"href":"https:\/\/corrientesdetarde.com\/index.php\/wp-json\/wp\/v2\/categories?post=210373"},{"taxonomy":"post_tag","embeddable":true,"href":"https:\/\/corrientesdetarde.com\/index.php\/wp-json\/wp\/v2\/tags?post=210373"}],"curies":[{"name":"wp","href":"https:\/\/api.w.org\/{rel}","templated":true}]}}