{"id":210382,"date":"2025-05-31T10:09:17","date_gmt":"2025-05-31T13:09:17","guid":{"rendered":"https:\/\/corrientesdetarde.com\/?p=210382"},"modified":"2025-05-31T13:06:09","modified_gmt":"2025-05-31T16:06:09","slug":"por-que-fue-condenado-halit-ergenc-el-actor-de-las-mil-y-una-noches","status":"publish","type":"post","link":"https:\/\/corrientesdetarde.com\/index.php\/espectaculos\/por-que-fue-condenado-halit-ergenc-el-actor-de-las-mil-y-una-noches\/","title":{"rendered":"\u00bfPor qu\u00e9 fue condenado Halit Ergen\u00e7, el actor de \u2018Las mil y una noches\u2019?"},"content":{"rendered":"\n<p>El reconocido actor turco Halit Ergen\u00e7, c\u00e9lebre en Latinoam\u00e9rica por su papel protag\u00f3nico en la exitosa telenovela Las mil y una noches, fue condenado recientemente por la Justicia turca a 1 a\u00f1o, 10 meses y 15 d\u00edas de prisi\u00f3n.<\/p>\n\n\n\n<p>Aunque la sentencia fue suspendida y no implica un encarcelamiento inmediato, el fallo gener\u00f3 un fuerte revuelo entre sus seguidores. El delito que se le imputa a Halit es el de falso testimonio en un complejo caso con fuertes implicancias pol\u00edticas y sociales.<\/p>\n\n\n\n<p><strong>De gal\u00e1n de telenovelas a acusado por la Justicia<\/strong><br>&nbsp;<br>Halit Ergen\u00e7 se convirti\u00f3 en un rostro familiar para millones de espectadores entre 2006 y 2009 gracias a su interpretaci\u00f3n de Onur Aksal en Las mil y una noches, una telenovela que rompi\u00f3 r\u00e9cords de audiencia en pa\u00edses como Argentina, Chile, Per\u00fa y Colombia.<\/p>\n\n\n\n<p>Su carrera continu\u00f3 en ascenso con papeles protag\u00f3nicos como el del sult\u00e1n Suleim\u00e1n en El Sult\u00e1n, otra megaproducci\u00f3n hist\u00f3rica de \u00e9xito internacional.<\/p>\n\n\n\n<p>Est\u00e1 casado desde 2009 con la actriz Berg\u00fczar Korel, su coprotagonista en Las mil y una noches, con quien tiene tres hijos. La familia reside actualmente en Londres.<\/p>\n\n\n\n<figure class=\"wp-block-image\"><img decoding=\"async\" src=\"https:\/\/www.diarioepoca.com\/content\/bucket\/6\/1431496w768h534c.jpg.webp\" alt=\"\"\/><\/figure>\n\n\n\n<p><em><strong>\u00bfQu\u00e9 pas\u00f3 con Halit Ergen\u00e7?<\/strong>&nbsp;<\/em><br>La condena contra Halit Ergen\u00e7 fue dictada por el Tribunal Penal de Primera Instancia N.\u00ba 24 de Estambul, como parte de una causa judicial relacionada con las protestas del Parque Gezi, ocurridas en 2013.<\/p>\n\n\n\n<p>Para la justicia turca, dichas manifestaciones representaron una amenaza contra la estabilidad del gobierno. La movilizaci\u00f3n comenz\u00f3 como una protesta ambientalista en contra de un proyecto que pretend\u00eda reemplazar el parque por un centro comercial.<\/p>\n\n\n\n<p>Sin embargo, la represi\u00f3n policial aviv\u00f3 el descontento y la protesta se transform\u00f3 en una revuelta nacional en contra del entonces primer ministro Recep Tayyip Erdo\u011fan.<\/p>\n\n\n\n<p>En enero de 2025, el medio France24 revel\u00f3 que varios artistas y representantes del sector audiovisual turco hab\u00edan sido sometidos a procesos judiciales por su presunta participaci\u00f3n en esas manifestaciones. Entre ellos se encontraba Ay\u015fe Bar\u0131m, la representante de actores como Ergen\u00e7, quien fue acusada de haber incentivado a sus clientes a sumarse a las protestas.<\/p>\n\n\n\n<p>Seg\u00fan medios locales, el pasado 23 de mayo, Halit Ergenc fue hallado culpable del delito de falso testimonio por supuestamente haber mentido en su declaraci\u00f3n como testigo durante el proceso judicial en contra Barim.<\/p>\n\n\n\n<p>Durante su comparecencia, Ergen\u00e7 afirm\u00f3 que particip\u00f3 en las protestas &#8220;por voluntad propia&#8221;. Sin embargo, el tribunal argument\u00f3 que existen pruebas que contradicen esa versi\u00f3n. La Fiscal\u00eda sostiene que la agencia de representaci\u00f3n ID \u0130leti\u015fim \u2014que gestionaba la carrera del actor\u2014 fue la entidad que coordin\u00f3 la participaci\u00f3n de \u00e9l y otros artistas, lo que implicar\u00eda un grado de organizaci\u00f3n premeditada.<\/p>\n\n\n\n<p>Para acusarlo, tambi\u00e9n se presentaron registros de llamadas, mensajes de texto y fotograf\u00edas que demostrar\u00edan m\u00faltiples contactos entre Ergen\u00e7 y el activista Memet Ali Alabora, se\u00f1alado como uno de los l\u00edderes del movimiento de Gezi.<\/p>\n\n\n\n<p>La Autoridad de Tecnolog\u00edas de la Informaci\u00f3n y la Comunicaci\u00f3n de Turqu\u00eda habr\u00eda detectado al menos doce interacciones entre ambos durante los d\u00edas de las protestas.<\/p>\n\n\n\n<p>Con esos elementos, el tribunal concluy\u00f3 que Ergen\u00e7 hab\u00eda incurrido en perjurio. No obstante, al no contar con antecedentes penales y mantener una conducta respetuosa durante el proceso, el juez decidi\u00f3 suspender la ejecuci\u00f3n de la pena.<\/p>\n\n\n\n<p>Tambi\u00e9n fue sentenciado su colega Riza Kocaoglu por el mismo motivo.<\/p>\n\n\n\n<p>&nbsp;Durante la audiencia final, Halit Ergen\u00e7 se defendi\u00f3 de las acusaciones y ratific\u00f3 la veracidad de sus declaraciones. &#8220;Mi declaraci\u00f3n fue sincera. No ment\u00ed. Solicito mi absoluci\u00f3n porque no se demostraron los elementos del delito&#8221;, expres\u00f3 el actor seg\u00fan fuentes internacionales.<\/p>\n","protected":false},"excerpt":{"rendered":"<p>El reconocido actor turco Halit Ergen\u00e7, c\u00e9lebre en Latinoam\u00e9rica por su papel protag\u00f3nico en la exitosa telenovela Las mil y una noches, fue condenado recientemente por la Justicia turca a&hellip; <\/p>\n","protected":false},"author":1,"featured_media":210386,"comment_status":"closed","ping_status":"open","sticky":false,"template":"","format":"standard","meta":{"footnotes":""},"categories":[23,19],"tags":[],"class_list":["post-210382","post","type-post","status-publish","format-standard","has-post-thumbnail","hentry","category-actualidad","category-espectaculos"],"_links":{"self":[{"href":"https:\/\/corrientesdetarde.com\/index.php\/wp-json\/wp\/v2\/posts\/210382","targetHints":{"allow":["GET"]}}],"collection":[{"href":"https:\/\/corrientesdetarde.com\/index.php\/wp-json\/wp\/v2\/posts"}],"about":[{"href":"https:\/\/corrientesdetarde.com\/index.php\/wp-json\/wp\/v2\/types\/post"}],"author":[{"embeddable":true,"href":"https:\/\/corrientesdetarde.com\/index.php\/wp-json\/wp\/v2\/users\/1"}],"replies":[{"embeddable":true,"href":"https:\/\/corrientesdetarde.com\/index.php\/wp-json\/wp\/v2\/comments?post=210382"}],"version-history":[{"count":1,"href":"https:\/\/corrientesdetarde.com\/index.php\/wp-json\/wp\/v2\/posts\/210382\/revisions"}],"predecessor-version":[{"id":210387,"href":"https:\/\/corrientesdetarde.com\/index.php\/wp-json\/wp\/v2\/posts\/210382\/revisions\/210387"}],"wp:featuredmedia":[{"embeddable":true,"href":"https:\/\/corrientesdetarde.com\/index.php\/wp-json\/wp\/v2\/media\/210386"}],"wp:attachment":[{"href":"https:\/\/corrientesdetarde.com\/index.php\/wp-json\/wp\/v2\/media?parent=210382"}],"wp:term":[{"taxonomy":"category","embeddable":true,"href":"https:\/\/corrientesdetarde.com\/index.php\/wp-json\/wp\/v2\/categories?post=210382"},{"taxonomy":"post_tag","embeddable":true,"href":"https:\/\/corrientesdetarde.com\/index.php\/wp-json\/wp\/v2\/tags?post=210382"}],"curies":[{"name":"wp","href":"https:\/\/api.w.org\/{rel}","templated":true}]}}