{"id":210383,"date":"2025-05-31T09:49:18","date_gmt":"2025-05-31T12:49:18","guid":{"rendered":"https:\/\/corrientesdetarde.com\/?p=210383"},"modified":"2025-05-31T09:49:22","modified_gmt":"2025-05-31T12:49:22","slug":"las-ventas-de-0km-siguen-en-alza-en-mayo-crecieron-un-59","status":"publish","type":"post","link":"https:\/\/corrientesdetarde.com\/index.php\/economia\/las-ventas-de-0km-siguen-en-alza-en-mayo-crecieron-un-59\/","title":{"rendered":"Las ventas de 0KM siguen en alza: en mayo crecieron un 59%"},"content":{"rendered":"\n<p>Los patentamientos de veh\u00edculos 0KM volvieron a tener una suba interanual en mayo, cuando con 55.363 unidades patentadas se registr\u00f3 un crecimiento del 59,1% respecto al mismo mes de 2024.<\/p>\n\n\n\n<p>Los datos surgen del reporte de la Asociaci\u00f3n de Concesionarios de Automotores de la Rep\u00fablica Argentina (Acara), que indic\u00f3 que si la comparaci\u00f3n es contra abril, se observa una suba del 0,6%. De esta forma, en los cinco meses acumulados del a\u00f1o se patentaron 272.837 unidades, esto es un 78,9% m\u00e1s que en el mismo per\u00edodo de 2024.<\/p>\n\n\n\n<p>El modelos m\u00e1s vendidos fueron el Toyota Yaris, seguido por el Fiat Cronos y el Peugeot 208.<\/p>\n\n\n\n<p>El crecimiento del mercado hab\u00eda sido objeto de la reuni\u00f3n del jueves entre directivos de las terminales nucleadas en Adefa con el ministro de Econom\u00eda Luis Caputo, cuando proyectaron 620 mil unidades vendidas para este 2025.<\/p>\n\n\n\n<p>En sinton\u00eda, el presidente de Acara, Sebasti\u00e1n Beato, coment\u00f3: &#8220;En mayo seguimos con n\u00fameros positivos que nos vienen acompa\u00f1ando desde el principio del a\u00f1o y todo indica que seguir\u00e1n. Venimos de meses en los que se han anunciado medidas que tambi\u00e9n han tenido impacto en nuestra actividad y que contribuyen a una macroeconom\u00eda m\u00e1s ordenada y previsible como la baja de la inflaci\u00f3n, del impuesto Pa\u00eds, la quita de impuestos a los autos de mayor segmento, la liberaci\u00f3n del cepo y ahora incentivar la utilizaci\u00f3n de los ahorros fuera del sistema, una suma de elementos que explican bastante este buen momento&#8221;.<\/p>\n\n\n\n<p>&#8220;Tambi\u00e9n desde la cadena de valor estamos contribuyendo, las f\u00e1bricas han anunciado y puesto a disposici\u00f3n nuevos modelos y financiaci\u00f3n a tasa cero y nuestros concesionarios est\u00e1n con una pol\u00edtica de promociones y ofertas que han generado que la adquisici\u00f3n de un veh\u00edculo sea hoy una verdadera oportunidad. Es un escenario que valoramos y por el que hemos trabajado mucho, tenemos ahora el desaf\u00edo de mantenerlo para ir a una segunda mitad de a\u00f1o que siga para arriba&#8221;, agreg\u00f3 el directivo de Acara.<\/p>\n","protected":false},"excerpt":{"rendered":"<p>Los patentamientos de veh\u00edculos 0KM volvieron a tener una suba interanual en mayo, cuando con 55.363 unidades patentadas se registr\u00f3 un crecimiento del 59,1% respecto al mismo mes de 2024.&hellip; <\/p>\n","protected":false},"author":1,"featured_media":200112,"comment_status":"closed","ping_status":"open","sticky":false,"template":"","format":"standard","meta":{"footnotes":""},"categories":[20],"tags":[],"class_list":["post-210383","post","type-post","status-publish","format-standard","has-post-thumbnail","hentry","category-economia"],"_links":{"self":[{"href":"https:\/\/corrientesdetarde.com\/index.php\/wp-json\/wp\/v2\/posts\/210383","targetHints":{"allow":["GET"]}}],"collection":[{"href":"https:\/\/corrientesdetarde.com\/index.php\/wp-json\/wp\/v2\/posts"}],"about":[{"href":"https:\/\/corrientesdetarde.com\/index.php\/wp-json\/wp\/v2\/types\/post"}],"author":[{"embeddable":true,"href":"https:\/\/corrientesdetarde.com\/index.php\/wp-json\/wp\/v2\/users\/1"}],"replies":[{"embeddable":true,"href":"https:\/\/corrientesdetarde.com\/index.php\/wp-json\/wp\/v2\/comments?post=210383"}],"version-history":[{"count":1,"href":"https:\/\/corrientesdetarde.com\/index.php\/wp-json\/wp\/v2\/posts\/210383\/revisions"}],"predecessor-version":[{"id":210385,"href":"https:\/\/corrientesdetarde.com\/index.php\/wp-json\/wp\/v2\/posts\/210383\/revisions\/210385"}],"wp:featuredmedia":[{"embeddable":true,"href":"https:\/\/corrientesdetarde.com\/index.php\/wp-json\/wp\/v2\/media\/200112"}],"wp:attachment":[{"href":"https:\/\/corrientesdetarde.com\/index.php\/wp-json\/wp\/v2\/media?parent=210383"}],"wp:term":[{"taxonomy":"category","embeddable":true,"href":"https:\/\/corrientesdetarde.com\/index.php\/wp-json\/wp\/v2\/categories?post=210383"},{"taxonomy":"post_tag","embeddable":true,"href":"https:\/\/corrientesdetarde.com\/index.php\/wp-json\/wp\/v2\/tags?post=210383"}],"curies":[{"name":"wp","href":"https:\/\/api.w.org\/{rel}","templated":true}]}}