{"id":210389,"date":"2025-05-31T10:42:22","date_gmt":"2025-05-31T13:42:22","guid":{"rendered":"https:\/\/corrientesdetarde.com\/?p=210389"},"modified":"2025-05-31T10:42:34","modified_gmt":"2025-05-31T13:42:34","slug":"joven-motociclista-murio-tras-impactar-contra-un-arbol","status":"publish","type":"post","link":"https:\/\/corrientesdetarde.com\/index.php\/policiales\/joven-motociclista-murio-tras-impactar-contra-un-arbol\/","title":{"rendered":"Joven motociclista muri\u00f3 tras impactar contra un \u00e1rbol"},"content":{"rendered":"\n<p>La v\u00edctima fue identificada como Ezequiel Aranda, de 27 a\u00f1os, quien circulaba en una motocicleta Keller 110 cc en sentido Norte-Sur. Por razones que a\u00fan se investigan, perdi\u00f3 el control del rodado y colision\u00f3 violentamente con un \u00e1rbol ubicado al costado de la ruta.<\/p>\n\n\n\n<p>El accidente fue reportado a las 21:30 hs, seg\u00fan informaron fuentes policiales a Actualidad Esquina, y r\u00e1pidamente acudieron al lugar bomberos voluntarios, efectivos policiales de comisar\u00eda primera, personal de Seguridad Urbana y Vial, y una ambulancia del hospital local. Lamentablemente, Aranda fue ingresado al Hospital San Roque sin signos vitales.<\/p>\n\n\n\n<p>El m\u00e9dico policial Dr. Rub\u00e9n Davicino confirm\u00f3 que la causa del fallecimiento fue un politraumatismo severo. En el lugar tambi\u00e9n trabaj\u00f3 el Lic. Diego Agust\u00edn Escobar, del equipo t\u00e9cnico de investigaciones (E.T.I Ufrac), realizando las pericias correspondientes.<\/p>\n\n\n\n<p>La causa fue caratulada como &#8220;De oficio\/Averiguaci\u00f3n de il\u00edcito&#8221; bajo la intervenci\u00f3n del Dr. Gustavo Javier Mosquera.<\/p>\n","protected":false},"excerpt":{"rendered":"<p>La v\u00edctima fue identificada como Ezequiel Aranda, de 27 a\u00f1os, quien circulaba en una motocicleta Keller 110 cc en sentido Norte-Sur. Por razones que a\u00fan se investigan, perdi\u00f3 el control&hellip; <\/p>\n","protected":false},"author":1,"featured_media":210393,"comment_status":"closed","ping_status":"open","sticky":false,"template":"","format":"standard","meta":{"footnotes":""},"categories":[33],"tags":[],"class_list":["post-210389","post","type-post","status-publish","format-standard","has-post-thumbnail","hentry","category-policiales"],"_links":{"self":[{"href":"https:\/\/corrientesdetarde.com\/index.php\/wp-json\/wp\/v2\/posts\/210389","targetHints":{"allow":["GET"]}}],"collection":[{"href":"https:\/\/corrientesdetarde.com\/index.php\/wp-json\/wp\/v2\/posts"}],"about":[{"href":"https:\/\/corrientesdetarde.com\/index.php\/wp-json\/wp\/v2\/types\/post"}],"author":[{"embeddable":true,"href":"https:\/\/corrientesdetarde.com\/index.php\/wp-json\/wp\/v2\/users\/1"}],"replies":[{"embeddable":true,"href":"https:\/\/corrientesdetarde.com\/index.php\/wp-json\/wp\/v2\/comments?post=210389"}],"version-history":[{"count":1,"href":"https:\/\/corrientesdetarde.com\/index.php\/wp-json\/wp\/v2\/posts\/210389\/revisions"}],"predecessor-version":[{"id":210394,"href":"https:\/\/corrientesdetarde.com\/index.php\/wp-json\/wp\/v2\/posts\/210389\/revisions\/210394"}],"wp:featuredmedia":[{"embeddable":true,"href":"https:\/\/corrientesdetarde.com\/index.php\/wp-json\/wp\/v2\/media\/210393"}],"wp:attachment":[{"href":"https:\/\/corrientesdetarde.com\/index.php\/wp-json\/wp\/v2\/media?parent=210389"}],"wp:term":[{"taxonomy":"category","embeddable":true,"href":"https:\/\/corrientesdetarde.com\/index.php\/wp-json\/wp\/v2\/categories?post=210389"},{"taxonomy":"post_tag","embeddable":true,"href":"https:\/\/corrientesdetarde.com\/index.php\/wp-json\/wp\/v2\/tags?post=210389"}],"curies":[{"name":"wp","href":"https:\/\/api.w.org\/{rel}","templated":true}]}}