{"id":210390,"date":"2025-05-31T10:10:58","date_gmt":"2025-05-31T13:10:58","guid":{"rendered":"https:\/\/corrientesdetarde.com\/?p=210390"},"modified":"2025-05-31T10:11:01","modified_gmt":"2025-05-31T13:11:01","slug":"desesperada-busqueda-de-una-mujer-de-45-anos-en-corrientes","status":"publish","type":"post","link":"https:\/\/corrientesdetarde.com\/index.php\/policiales\/desesperada-busqueda-de-una-mujer-de-45-anos-en-corrientes\/","title":{"rendered":"Desesperada b\u00fasqueda de una mujer de 45 a\u00f1os en Corrientes"},"content":{"rendered":"\n<p>La Polic\u00eda de Corrientes inform\u00f3 este s\u00e1bado que iniciaron la&nbsp;b\u00fasqueda de una mujer de 45 a\u00f1os desaparecida en la capital correntina.&nbsp;<\/p>\n\n\n\n<p>Se trata de&nbsp;<strong>S\u00e1nchez Ivana Itat\u00ed de 45 a\u00f1os edad,&nbsp;<\/strong>quien se encuentra ausente de su hogar, ubicado en el Barrio Galv\u00e1n II.&nbsp;<\/p>\n\n\n\n<p><strong>Sus caracter\u00edsticas f\u00edsicas son las siguientes:&nbsp;<\/strong>t\u00e9s morena, cabellos casta\u00f1os claros, 1,60 mts. de estatura aproximada, contextura robusta, ojos color marr\u00f3n.<\/p>\n\n\n\n<p><strong>Se\u00f1a particulares:<\/strong>&nbsp;posee un lunar en cercan\u00edas de su nariz y otro, cerca del labio inferior.<\/p>\n\n\n\n<p><strong>Al momento de la desaparici\u00f3n vest\u00eda:<\/strong>&nbsp;campera deportiva, de color azul y verde manzana, de la marca Nike, pantal\u00f3n de jeans, color azul oscuro y zapatillas marca Adidas, de color negro.<\/p>\n\n\n\n<p>Es por ello, que &nbsp;la Polic\u00eda, se solicita la colaboraci\u00f3n de todas las personas que&nbsp;&nbsp;puedan aportar datos ciertos y que ayuden a lograr encontrar a esta mujer.&nbsp;<\/p>\n\n\n\n<p>Ante cualquier informaci\u00f3n, podr\u00e1n comunicarlo&nbsp;ante la citada Comisar\u00eda Segunda Urbana nro. 3794-505282; o la Dependencia Policial m\u00e1s cercana a su domicilio y\/o comunicarse al n\u00famero telef\u00f3nico gratuito del Sistema Integral de Seguridad (S.I.S.) 911 en la Capital y 101 en el Interior Provincial.<\/p>\n","protected":false},"excerpt":{"rendered":"<p>La Polic\u00eda de Corrientes inform\u00f3 este s\u00e1bado que iniciaron la&nbsp;b\u00fasqueda de una mujer de 45 a\u00f1os desaparecida en la capital correntina.&nbsp; Se trata de&nbsp;S\u00e1nchez Ivana Itat\u00ed de 45 a\u00f1os edad,&nbsp;quien&hellip; <\/p>\n","protected":false},"author":1,"featured_media":210391,"comment_status":"closed","ping_status":"open","sticky":false,"template":"","format":"standard","meta":{"footnotes":""},"categories":[33],"tags":[],"class_list":["post-210390","post","type-post","status-publish","format-standard","has-post-thumbnail","hentry","category-policiales"],"_links":{"self":[{"href":"https:\/\/corrientesdetarde.com\/index.php\/wp-json\/wp\/v2\/posts\/210390","targetHints":{"allow":["GET"]}}],"collection":[{"href":"https:\/\/corrientesdetarde.com\/index.php\/wp-json\/wp\/v2\/posts"}],"about":[{"href":"https:\/\/corrientesdetarde.com\/index.php\/wp-json\/wp\/v2\/types\/post"}],"author":[{"embeddable":true,"href":"https:\/\/corrientesdetarde.com\/index.php\/wp-json\/wp\/v2\/users\/1"}],"replies":[{"embeddable":true,"href":"https:\/\/corrientesdetarde.com\/index.php\/wp-json\/wp\/v2\/comments?post=210390"}],"version-history":[{"count":1,"href":"https:\/\/corrientesdetarde.com\/index.php\/wp-json\/wp\/v2\/posts\/210390\/revisions"}],"predecessor-version":[{"id":210392,"href":"https:\/\/corrientesdetarde.com\/index.php\/wp-json\/wp\/v2\/posts\/210390\/revisions\/210392"}],"wp:featuredmedia":[{"embeddable":true,"href":"https:\/\/corrientesdetarde.com\/index.php\/wp-json\/wp\/v2\/media\/210391"}],"wp:attachment":[{"href":"https:\/\/corrientesdetarde.com\/index.php\/wp-json\/wp\/v2\/media?parent=210390"}],"wp:term":[{"taxonomy":"category","embeddable":true,"href":"https:\/\/corrientesdetarde.com\/index.php\/wp-json\/wp\/v2\/categories?post=210390"},{"taxonomy":"post_tag","embeddable":true,"href":"https:\/\/corrientesdetarde.com\/index.php\/wp-json\/wp\/v2\/tags?post=210390"}],"curies":[{"name":"wp","href":"https:\/\/api.w.org\/{rel}","templated":true}]}}