{"id":210395,"date":"2025-05-31T11:14:45","date_gmt":"2025-05-31T14:14:45","guid":{"rendered":"https:\/\/corrientesdetarde.com\/?p=210395"},"modified":"2025-05-31T11:14:48","modified_gmt":"2025-05-31T14:14:48","slug":"hallaron-despedazada-una-moto-sustraida-pocas-horas-antes","status":"publish","type":"post","link":"https:\/\/corrientesdetarde.com\/index.php\/policiales\/hallaron-despedazada-una-moto-sustraida-pocas-horas-antes\/","title":{"rendered":"Hallaron despedazada una moto sustra\u00edda pocas horas antes"},"content":{"rendered":"\n<p>Una motocicleta robada a la madrugada en la zona sur de la capital correntina fue encontrada por la Polic\u00eda completamente desarmada en un asentamiento.<\/p>\n\n\n\n<p><\/p>\n\n\n\n<p>Los due\u00f1os del veh\u00edculo radicaron la denuncia en la Comisar\u00eda Seccional Decimocuarta y una patrulla de la Unidad Especial Antiarrebatos dio con las partes tiradas en un terreno bald\u00edo ubicado a unas cuatro cuadras.<\/p>\n\n\n\n<p>Se trata de una Zanella ZB 110 de color azul, robada de un inmueble en cercan\u00edas a la intersecci\u00f3n de las calles Larreta y Giusti.<\/p>\n\n\n\n<p>Alrededor de las 11, en medio de recorridas en b\u00fasqueda de informaci\u00f3n sobre el rodado sustra\u00eddo pudieron localizarlo.<\/p>\n\n\n\n<p>De acuerdo a la informaci\u00f3n brindada, las decenas de partes estaban junto a un basural en un terreno deshabitado del asentamiento.<\/p>\n\n\n\n<p>Con la verificaci\u00f3n de los datos estampados en el cuadro y el motor determinaron que era la Zanella ZB.<\/p>\n\n\n\n<p>En el lugar estaban las ruedas, el motor, tablero, luces traseras. Faltaban el asiento, algunos pl\u00e1sticos, el asiento, los espejos.<\/p>\n\n\n\n<p>Los autores del il\u00edcito pasaron desapercibidos al momento de ingresar a la vivienda, mientras los moradores estaban dormidos. Luego, sin perder tiempo la llevaron hacia un sitio con casas alejadas y comenzaron a desguazarla antes de que la Polic\u00eda sepa de su robo.<\/p>\n\n\n\n<p>Apenas notaron el delito, los damnificados dieron aviso inmediato a la comisar\u00eda del barrio<\/p>\n","protected":false},"excerpt":{"rendered":"<p>Una motocicleta robada a la madrugada en la zona sur de la capital correntina fue encontrada por la Polic\u00eda completamente desarmada en un asentamiento. Los due\u00f1os del veh\u00edculo radicaron la&hellip; <\/p>\n","protected":false},"author":1,"featured_media":210397,"comment_status":"closed","ping_status":"open","sticky":false,"template":"","format":"standard","meta":{"footnotes":""},"categories":[33],"tags":[],"class_list":["post-210395","post","type-post","status-publish","format-standard","has-post-thumbnail","hentry","category-policiales"],"_links":{"self":[{"href":"https:\/\/corrientesdetarde.com\/index.php\/wp-json\/wp\/v2\/posts\/210395","targetHints":{"allow":["GET"]}}],"collection":[{"href":"https:\/\/corrientesdetarde.com\/index.php\/wp-json\/wp\/v2\/posts"}],"about":[{"href":"https:\/\/corrientesdetarde.com\/index.php\/wp-json\/wp\/v2\/types\/post"}],"author":[{"embeddable":true,"href":"https:\/\/corrientesdetarde.com\/index.php\/wp-json\/wp\/v2\/users\/1"}],"replies":[{"embeddable":true,"href":"https:\/\/corrientesdetarde.com\/index.php\/wp-json\/wp\/v2\/comments?post=210395"}],"version-history":[{"count":1,"href":"https:\/\/corrientesdetarde.com\/index.php\/wp-json\/wp\/v2\/posts\/210395\/revisions"}],"predecessor-version":[{"id":210398,"href":"https:\/\/corrientesdetarde.com\/index.php\/wp-json\/wp\/v2\/posts\/210395\/revisions\/210398"}],"wp:featuredmedia":[{"embeddable":true,"href":"https:\/\/corrientesdetarde.com\/index.php\/wp-json\/wp\/v2\/media\/210397"}],"wp:attachment":[{"href":"https:\/\/corrientesdetarde.com\/index.php\/wp-json\/wp\/v2\/media?parent=210395"}],"wp:term":[{"taxonomy":"category","embeddable":true,"href":"https:\/\/corrientesdetarde.com\/index.php\/wp-json\/wp\/v2\/categories?post=210395"},{"taxonomy":"post_tag","embeddable":true,"href":"https:\/\/corrientesdetarde.com\/index.php\/wp-json\/wp\/v2\/tags?post=210395"}],"curies":[{"name":"wp","href":"https:\/\/api.w.org\/{rel}","templated":true}]}}