{"id":210399,"date":"2025-05-31T13:01:38","date_gmt":"2025-05-31T16:01:38","guid":{"rendered":"https:\/\/corrientesdetarde.com\/?p=210399"},"modified":"2025-06-01T08:09:19","modified_gmt":"2025-06-01T11:09:19","slug":"demolieron-una-casa-donde-vivio-gustavo-cerati-y-encontraron-huesos-humanos-enterrados","status":"publish","type":"post","link":"https:\/\/corrientesdetarde.com\/index.php\/informacion-general\/demolieron-una-casa-donde-vivio-gustavo-cerati-y-encontraron-huesos-humanos-enterrados\/","title":{"rendered":"Demolieron una casa donde vivi\u00f3 Gustavo Cerati y encontraron huesos humanos enterrados"},"content":{"rendered":"\n<p>Lo que hoy es un port\u00f3n negro entre escombros y tierra removida, en la avenida Congreso al 3700 del barrio porte\u00f1o de Coghlan, fue durante dos a\u00f1os el hogar de Gustavo Cerati.<\/p>\n\n\n\n<p><\/p>\n\n\n\n<p>Entre 2001 y 2003, el m\u00fasico alquil\u00f3 la casa a Marina Olmi \u2014hermana del actor Boy Olmi\u2014 mientras ella viv\u00eda en Espa\u00f1a. Ahora, tras su venta, la propiedad fue demolida para levantar un edificio. Y durante las excavaciones, los obreros hicieron un hallazgo macabro: restos \u00f3seos humanos.<\/p>\n\n\n\n<p>La polic\u00eda lleg\u00f3 al lugar luego de que se reportara la aparici\u00f3n de huesos junto a otros elementos personales, como relojes. Seg\u00fan el parte policial, \u201cen un momento dado, se desprendi\u00f3 un trozo de tierra de la casa lindera y quedaron a la vista lo que aparentar\u00edan ser restos \u00f3seos humanos\u201d. La investigaci\u00f3n est\u00e1 a cargo de la Fiscal\u00eda Nacional en lo Criminal y Correccional N\u00b0 61, conducida por el fiscal Mart\u00edn L\u00f3pez Perrando.<\/p>\n\n\n\n<p>El ejercicio del periodismo profesional y cr\u00edtico es un pilar fundamental de la democracia. Por eso molesta a quienes creen ser los due\u00f1os de la verdad.<\/p>\n\n\n\n<p><strong>La historia detr\u00e1s de la propiedad<\/strong><br>La misma Olmi relat\u00f3 al medio TN que compr\u00f3 la casona hace m\u00e1s de 30 a\u00f1os a una mujer alemana, Olga Schuddekopf. Seg\u00fan explic\u00f3, en ese mismo terreno funcion\u00f3 un geri\u00e1trico y, a\u00fan m\u00e1s atr\u00e1s en el tiempo \u2014hace unos 150 a\u00f1os\u2014, una capilla y un establo. \u00abEra una casa muy luminosa, pero con zonas oscuras. Donde hice la pileta hab\u00eda una casilla y pasaban cosas raras. De hecho, se incendi\u00f3 un \u00e1rbol ah\u00ed\u00bb, record\u00f3.<\/p>\n\n\n\n<p>Durante esos a\u00f1os, la vivienda se convirti\u00f3 en un punto de encuentro para m\u00fasicos y artistas. Adem\u00e1s de Cerati, tambi\u00e9n la frecuentaron Charly Garc\u00eda, Fito P\u00e1ez, Hilda Lizarazu y Tito Losavio. La propiedad ten\u00eda dos construcciones: una al frente y otra al fondo, esta \u00faltima utilizada como espacio de trabajo art\u00edstico.<\/p>\n\n\n\n<p><strong>El misterio de los huesos y un gui\u00f1o l\u00edrico<\/strong><br>Se desconoce la antig\u00fcedad de los restos por el momento. Se analiza si podr\u00edan remontarse a la \u00e9poca del geri\u00e1trico o incluso a los tiempos de la capilla. Seg\u00fan fuentes judiciales, los huesos fueron trasladados por la Polic\u00eda Cient\u00edfica para su an\u00e1lisis forense y, dependiendo de los resultados, el caso podr\u00eda pasar a la Justicia Federal.<\/p>\n\n\n\n<p>La noticia, inesperada y enigm\u00e1tica, evoc\u00f3 en redes sociales una coincidencia po\u00e9tica: el v\u00ednculo simb\u00f3lico con la canci\u00f3n \u201cCrimen\u201d, uno de los temas m\u00e1s importantes de Cerati. Lanzado en 2006 como parte de su disco Ah\u00ed Vamos, el tema explora el desgarro emocional ante una p\u00e9rdida sin respuestas. El propio m\u00fasico describi\u00f3 la letra como un \u201ccrimen sin resolver\u201d, una herida que persiste bajo la superficie.<\/p>\n\n\n\n<p>As\u00ed, la aparici\u00f3n de restos humanos en la que fue su casa agrega una capa de misterio que encuentra un eco involuntario en la obra de un artista cuya sensibilidad para lo oculto, lo emocional y lo no dicho sigue vigente.<\/p>\n","protected":false},"excerpt":{"rendered":"<p>Lo que hoy es un port\u00f3n negro entre escombros y tierra removida, en la avenida Congreso al 3700 del barrio porte\u00f1o de Coghlan, fue durante dos a\u00f1os el hogar de&hellip; <\/p>\n","protected":false},"author":1,"featured_media":210410,"comment_status":"closed","ping_status":"open","sticky":false,"template":"","format":"standard","meta":{"footnotes":""},"categories":[26,1],"tags":[],"class_list":["post-210399","post","type-post","status-publish","format-standard","has-post-thumbnail","hentry","category-destacados","category-informacion-general"],"_links":{"self":[{"href":"https:\/\/corrientesdetarde.com\/index.php\/wp-json\/wp\/v2\/posts\/210399","targetHints":{"allow":["GET"]}}],"collection":[{"href":"https:\/\/corrientesdetarde.com\/index.php\/wp-json\/wp\/v2\/posts"}],"about":[{"href":"https:\/\/corrientesdetarde.com\/index.php\/wp-json\/wp\/v2\/types\/post"}],"author":[{"embeddable":true,"href":"https:\/\/corrientesdetarde.com\/index.php\/wp-json\/wp\/v2\/users\/1"}],"replies":[{"embeddable":true,"href":"https:\/\/corrientesdetarde.com\/index.php\/wp-json\/wp\/v2\/comments?post=210399"}],"version-history":[{"count":1,"href":"https:\/\/corrientesdetarde.com\/index.php\/wp-json\/wp\/v2\/posts\/210399\/revisions"}],"predecessor-version":[{"id":210411,"href":"https:\/\/corrientesdetarde.com\/index.php\/wp-json\/wp\/v2\/posts\/210399\/revisions\/210411"}],"wp:featuredmedia":[{"embeddable":true,"href":"https:\/\/corrientesdetarde.com\/index.php\/wp-json\/wp\/v2\/media\/210410"}],"wp:attachment":[{"href":"https:\/\/corrientesdetarde.com\/index.php\/wp-json\/wp\/v2\/media?parent=210399"}],"wp:term":[{"taxonomy":"category","embeddable":true,"href":"https:\/\/corrientesdetarde.com\/index.php\/wp-json\/wp\/v2\/categories?post=210399"},{"taxonomy":"post_tag","embeddable":true,"href":"https:\/\/corrientesdetarde.com\/index.php\/wp-json\/wp\/v2\/tags?post=210399"}],"curies":[{"name":"wp","href":"https:\/\/api.w.org\/{rel}","templated":true}]}}