{"id":210400,"date":"2025-05-31T13:00:13","date_gmt":"2025-05-31T16:00:13","guid":{"rendered":"https:\/\/corrientesdetarde.com\/?p=210400"},"modified":"2025-06-01T08:12:15","modified_gmt":"2025-06-01T11:12:15","slug":"las-ferias-de-la-ciudad-inician-junio-con-un-renovado-recorrido-semanal-por-los-barrios","status":"publish","type":"post","link":"https:\/\/corrientesdetarde.com\/index.php\/sociales\/las-ferias-de-la-ciudad-inician-junio-con-un-renovado-recorrido-semanal-por-los-barrios\/","title":{"rendered":"Las Ferias de la Ciudad inician junio con un\u00a0renovado recorrido semanal por los barrios"},"content":{"rendered":"\n<p><em>Los feriantes capitalinos continuar\u00e1n llevando a parques, plazas y paseos de la ciudad las habituales ofertas de productos frescos y de calidad. Desde el martes 3 y hasta el domingo 8 de junio, los vecinos podr\u00e1n adquirir a precios convenientes: frutas y verduras, productos manufacturados, artesan\u00edas, plantas ornamentales, entre otras propuestas.<\/em><\/p>\n\n\n\n<p><\/p>\n\n\n\n<p>A trav\u00e9s de las Ferias de la Ciudad, actividad coordinada por la Secretar\u00eda de Desarrollo Econ\u00f3mico municipal, a trav\u00e9s de la Subsecretar\u00eda de Econom\u00eda Social, la Municipalidad de Corrientes inicia un nuevo mes de recorrida, acercando productos de calidad, con interesantes ofertas y combos, a diferentes espacios p\u00fablicos de los barrios.<br><br>Comenzando el sexto mes del a\u00f1o, las Ferias de la Ciudad llegar\u00e1n a distintos espacios p\u00fablicos. Desde el martes 3 y hasta el domingo 8 de junio la iniciativa repetir\u00e1 la modalidad de instalarse con distintas ofertas en habituales paseos y espacios de la ciudad.<br><br>El martes 3 las sedes ser\u00e1n las instaladas en plaza Torrent -San Lorenzo y Bol\u00edvar- y plaza Los Amigos del barrio Libertad, frente a la escuela N\u00ba6 por calle Brasil, en tanto el mi\u00e9rcoles 4 la iniciativa se repetir\u00e1 en plaza Torrent.<\/p>\n\n\n\n<figure class=\"wp-block-image size-full\"><img loading=\"lazy\" decoding=\"async\" width=\"969\" height=\"702\" src=\"https:\/\/corrientesdetarde.com\/wp-content\/uploads\/2025\/05\/image-1118.png\" alt=\"\" class=\"wp-image-210408\" srcset=\"https:\/\/corrientesdetarde.com\/wp-content\/uploads\/2025\/05\/image-1118.png 969w, https:\/\/corrientesdetarde.com\/wp-content\/uploads\/2025\/05\/image-1118-300x217.png 300w, https:\/\/corrientesdetarde.com\/wp-content\/uploads\/2025\/05\/image-1118-768x556.png 768w\" sizes=\"auto, (max-width: 969px) 100vw, 969px\" \/><\/figure>\n\n\n\n<p><br><br>El jueves 5, los stands estar\u00e1n en plaza La Cruz, por calle Salta, en el barrio del mismo nombre.<br><br>El viernes 6 se repetir\u00e1 la propuesta en el predio de Larrea al 3400 (frente al Colegio Illia) del barrio Laguna Seca; en la plaza Rep\u00fablica del Per\u00fa de las Mil Viviendas; en la plazoleta Los Inmigrantes del barrio Ber\u00f3n de Astrada; y en la plaza Evita (Sarmiento y Maip\u00fa) del barrio Ber\u00f3n de Astrada. Adem\u00e1s, volver\u00e1 a sumarse la feria en Pit\u00e1goras y Sussini del barrio Laguna Seca (frente a la delegaci\u00f3n municipal y a la Escuela 345), donde se ofrecer\u00e1n plantas ornamentales, gastronom\u00eda, artesan\u00edas y manualidades.<br><br>El recorrido continuar\u00e1 el s\u00e1bado 7, de 8 a 13, por la calle Pil\u00fa G\u00f3mez y Jos\u00e9 Rol\u00f3n, en el parque Mitre. Y por la tarde, en el Paseo Arazaty, de 10 a 22.<br><br>El domingo 8 los puesteros estar\u00e1n en el Paseo Arazaty que ofrecer\u00e1n de 10 a 20, plantas ornamentales, ofertas gastron\u00f3micas, artesan\u00edas y manualidades.<br><br>CRONOGRAMA<br><br>Martes 3 de junio: plaza Torrent (Centro) y plaza Los Amigos (Libertad).<br><br>Mi\u00e9rcoles 4 de junio: plaza Torrent (Centro)<br><br>Jueves 5 de junio: plaza La Cruz (barrio La Cruz)<br><br>Viernes 6 de junio: Larrea al 3400 del barrio Laguna Seca; plaza Rep\u00fablica del Per\u00fa de las Mil Viviendas; plazoleta Los Inmigrantes del barrio Ber\u00f3n de Astrada; plaza Evita del barrio Ber\u00f3n de Astrada; y Pit\u00e1goras y Sussini del barrio Laguna Seca.<br><br>S\u00e1bado 7 de junio: parque Mitre (barrio Aldana) de 8 a 13, y Paseo Arazaty de 10 a 22<br><br>Domingo 8 de junio: Paseo Arazaty, de 10 a 22<\/p>\n\n\n\n<figure class=\"wp-block-image size-full\"><img loading=\"lazy\" decoding=\"async\" width=\"677\" height=\"854\" src=\"https:\/\/corrientesdetarde.com\/wp-content\/uploads\/2025\/05\/image-1116.png\" alt=\"\" class=\"wp-image-210406\" srcset=\"https:\/\/corrientesdetarde.com\/wp-content\/uploads\/2025\/05\/image-1116.png 677w, https:\/\/corrientesdetarde.com\/wp-content\/uploads\/2025\/05\/image-1116-238x300.png 238w\" sizes=\"auto, (max-width: 677px) 100vw, 677px\" \/><\/figure>\n","protected":false},"excerpt":{"rendered":"<p>Los feriantes capitalinos continuar\u00e1n llevando a parques, plazas y paseos de la ciudad las habituales ofertas de productos frescos y de calidad. Desde el martes 3 y hasta el domingo&hellip; <\/p>\n","protected":false},"author":1,"featured_media":210407,"comment_status":"closed","ping_status":"open","sticky":false,"template":"","format":"standard","meta":{"footnotes":""},"categories":[23,17],"tags":[],"class_list":["post-210400","post","type-post","status-publish","format-standard","has-post-thumbnail","hentry","category-actualidad","category-sociales"],"_links":{"self":[{"href":"https:\/\/corrientesdetarde.com\/index.php\/wp-json\/wp\/v2\/posts\/210400","targetHints":{"allow":["GET"]}}],"collection":[{"href":"https:\/\/corrientesdetarde.com\/index.php\/wp-json\/wp\/v2\/posts"}],"about":[{"href":"https:\/\/corrientesdetarde.com\/index.php\/wp-json\/wp\/v2\/types\/post"}],"author":[{"embeddable":true,"href":"https:\/\/corrientesdetarde.com\/index.php\/wp-json\/wp\/v2\/users\/1"}],"replies":[{"embeddable":true,"href":"https:\/\/corrientesdetarde.com\/index.php\/wp-json\/wp\/v2\/comments?post=210400"}],"version-history":[{"count":1,"href":"https:\/\/corrientesdetarde.com\/index.php\/wp-json\/wp\/v2\/posts\/210400\/revisions"}],"predecessor-version":[{"id":210409,"href":"https:\/\/corrientesdetarde.com\/index.php\/wp-json\/wp\/v2\/posts\/210400\/revisions\/210409"}],"wp:featuredmedia":[{"embeddable":true,"href":"https:\/\/corrientesdetarde.com\/index.php\/wp-json\/wp\/v2\/media\/210407"}],"wp:attachment":[{"href":"https:\/\/corrientesdetarde.com\/index.php\/wp-json\/wp\/v2\/media?parent=210400"}],"wp:term":[{"taxonomy":"category","embeddable":true,"href":"https:\/\/corrientesdetarde.com\/index.php\/wp-json\/wp\/v2\/categories?post=210400"},{"taxonomy":"post_tag","embeddable":true,"href":"https:\/\/corrientesdetarde.com\/index.php\/wp-json\/wp\/v2\/tags?post=210400"}],"curies":[{"name":"wp","href":"https:\/\/api.w.org\/{rel}","templated":true}]}}