{"id":210401,"date":"2025-05-31T12:59:14","date_gmt":"2025-05-31T15:59:14","guid":{"rendered":"https:\/\/corrientesdetarde.com\/?p=210401"},"modified":"2025-06-01T08:11:57","modified_gmt":"2025-06-01T11:11:57","slug":"valdes-acompano-al-pueblo-de-san-luis-del-palmar-en-un-nuevo-aniversario-de-su-fundacion","status":"publish","type":"post","link":"https:\/\/corrientesdetarde.com\/index.php\/actualidad\/valdes-acompano-al-pueblo-de-san-luis-del-palmar-en-un-nuevo-aniversario-de-su-fundacion\/","title":{"rendered":"Vald\u00e9s acompa\u00f1\u00f3 al pueblo de San Luis del Palmar en un nuevo aniversario\u00a0de\u00a0su\u00a0fundaci\u00f3n"},"content":{"rendered":"\n<p>El gobernador Gustavo Vald\u00e9s encabez\u00f3 este s\u00e1bado el acto conmemorativo por los 219 a\u00f1os de San Luis del Palmar. All\u00ed, inst\u00f3 a los presentes: &#8220;Hagamos el esfuerzo y el trabajo conjunto que tengamos que hacer, San Luis tiene mucho por ofrecer y mucho para dar y se ha convertido en una ciudad que merece\u00a0venir\u00a0a\u00a0verla&#8221;. A su vez, repas\u00f3 las distintas obras que el Gobierno realiz\u00f3 en \u00e1reas como educaci\u00f3n, salud e infraestructura vial.<\/p>\n\n\n\n<figure class=\"wp-block-image size-large\"><img loading=\"lazy\" decoding=\"async\" width=\"1024\" height=\"686\" src=\"https:\/\/corrientesdetarde.com\/wp-content\/uploads\/2025\/05\/image-1114-1024x686.png\" alt=\"\" class=\"wp-image-210403\" srcset=\"https:\/\/corrientesdetarde.com\/wp-content\/uploads\/2025\/05\/image-1114-1024x686.png 1024w, https:\/\/corrientesdetarde.com\/wp-content\/uploads\/2025\/05\/image-1114-300x201.png 300w, https:\/\/corrientesdetarde.com\/wp-content\/uploads\/2025\/05\/image-1114-768x515.png 768w, https:\/\/corrientesdetarde.com\/wp-content\/uploads\/2025\/05\/image-1114.png 1107w\" sizes=\"auto, (max-width: 1024px) 100vw, 1024px\" \/><\/figure>\n\n\n\n<p><\/p>\n\n\n\n<p><\/p>\n\n\n\n<p><\/p>\n\n\n\n<p>El acto tuvo lugar frente a la parroquia San Luis Rey de Francia, lugar ic\u00f3nico del pueblo que amalgama su fe, cultura y tradici\u00f3n. Funcionarios, fuerzas de seguridad, docentes, alumnos y vecinos entonaron las estrofas del Himno Nacional Argentino para luego escuchar las palabras del gobernador y el intendente.<\/p>\n\n\n\n<p>Durante su mensaje, Vald\u00e9s destac\u00f3 el crecimiento de la localidad y elogi\u00f3 el trabajo articulado con el Municipio. \u201cDurante mucho tiempo ven\u00edamos y dec\u00edamos \u2018qu\u00e9 abandonada que est\u00e1 San Luis\u2019, y hoy podemos decir \u2018qu\u00e9 linda que est\u00e1\u2019. Se ha convertido en una ciudad\u201d, expres\u00f3, felicitando al intendente y a los trabajadores municipales por el esfuerzo sostenido.<\/p>\n\n\n\n<p>Vald\u00e9s remarc\u00f3 que San Luis del Palmar es una localidad profundamente ligada a la cultura correntina y valor\u00f3 sus fiestas populares y tradiciones: \u201cEst\u00e1 arraigada en la base de nuestra identidad. Por eso este a\u00f1o, si Dios quiere, voy a aceptar el desaf\u00edo de venir a cabalgar con los sanluise\u00f1os en su peregrinaci\u00f3n de fe hacia Itat\u00ed\u201d.<\/p>\n\n\n\n<p>En su discurso, tambi\u00e9n proyect\u00f3 obras futuras como el ensanchamiento de la Ruta 5 para mejorar la conectividad con la capital: \u201cTenemos que estar a un suspiro de Corrientes, y Corrientes a un suspiro de San Luis, porque son ciudades que se complementan\u201d. Adem\u00e1s, enumer\u00f3 avances concretos realizados en los \u00faltimos a\u00f1os, como mejoras en agua potable, desag\u00fces, infraestructura escolar, hospitalaria y religiosa, pavimentaci\u00f3n y construcci\u00f3n de viviendas.<\/p>\n\n\n\n<figure class=\"wp-block-image size-large\"><img loading=\"lazy\" decoding=\"async\" width=\"1024\" height=\"690\" src=\"https:\/\/corrientesdetarde.com\/wp-content\/uploads\/2025\/05\/image-1115-1024x690.png\" alt=\"\" class=\"wp-image-210404\" srcset=\"https:\/\/corrientesdetarde.com\/wp-content\/uploads\/2025\/05\/image-1115-1024x690.png 1024w, https:\/\/corrientesdetarde.com\/wp-content\/uploads\/2025\/05\/image-1115-300x202.png 300w, https:\/\/corrientesdetarde.com\/wp-content\/uploads\/2025\/05\/image-1115-768x518.png 768w, https:\/\/corrientesdetarde.com\/wp-content\/uploads\/2025\/05\/image-1115.png 1080w\" sizes=\"auto, (max-width: 1024px) 100vw, 1024px\" \/><\/figure>\n\n\n\n<p>\u201cHemos hecho muchas obras, pero m\u00e1s all\u00e1 de eso, lo importante es que no bajemos los brazos. Estar mejor no es una utop\u00eda. Apostando a un gobierno que trabaja, es posible\u201d, concluy\u00f3 Vald\u00e9s y alent\u00f3 a la comunidad a \u201cseguir construyendo juntos el futuro que se merecen\u201d.<\/p>\n\n\n\n<p>Para finalizar el acto, se procedi\u00f3 al tradicional desfile c\u00edvico-militar, donde escuelas, clubes, agrupaciones gauchescas y fuerzas de seguridad marcharon bajo los aplausos de la comunidad de San Luis.<\/p>\n\n\n\n<p><strong>Intendente Buj\u00e1n<\/strong><\/p>\n\n\n\n<p>El intendente N\u00e9stor \u201cReni\u201d Buj\u00e1n reivindic\u00f3 la historia, la identidad y el presente transformador de la localidad. \u201cSan Luis no es un lugar m\u00e1s en el mapa, es un pueblo con alma, con una fe que no se paga, con una cultura viva que se transmite entre generaciones\u201d, expres\u00f3.<\/p>\n\n\n\n<p>Buj\u00e1n traz\u00f3 una mirada retrospectiva del estado de abandono que sufri\u00f3 la comunidad en otros tiempos, y celebr\u00f3 el proceso de recuperaci\u00f3n que se inici\u00f3 con su gesti\u00f3n: \u201cUn d\u00eda dijimos basta y comenzamos a construir un nuevo presente. Hoy, San Luis volvi\u00f3 a levantarse con orden, planificaci\u00f3n y compromiso\u201d.<\/p>\n\n\n\n<p>En esa l\u00ednea, destac\u00f3 avances concretos en infraestructura, salud, educaci\u00f3n, cultura, deporte y acompa\u00f1amiento a sectores productivos y sociales. \u201cTransformamos el abandono en oportunidades, la espera en acci\u00f3n, las promesas en obras\u201d, sostuvo.<\/p>\n\n\n\n<p>Al renovar su compromiso de gesti\u00f3n, el intendente afirm\u00f3 que San Luis del Palmar no es solo historia, sino tambi\u00e9n presente y sobre todo futuro. \u201cEse futuro necesita continuidad y coraje. No se construye con viejas recetas, sino desde el trabajo colectivo, con la mirada puesta en nuestros hijos y en el pueblo que so\u00f1amos\u201d.<\/p>\n\n\n\n<p>Finalmente, Buj\u00e1n agradeci\u00f3 a la comunidad por acompa\u00f1ar el proceso de transformaci\u00f3n y llam\u00f3 a seguir caminando juntos: \u201cGracias por levantar esta ciudad con sus manos, sus ideas y su esperanza. \u00a1Feliz aniversario! \u00a1Vamos San Luis hacia adelante!\u201d.<\/p>\n\n\n\n<p><strong>Presencias<\/strong><\/p>\n\n\n\n<p>Acompa\u00f1aron el acto el vicegobernador, Pedro Braillard Poccard; ministros del Poder Ejecutivo; legisladores nacionales y provinciales; intendentes de localidades vecinas; el jefe de la Polic\u00eda de Corrientes, Miguel \u00c1ngel Leguizam\u00f3n; funcionarios municipales y la comunidad de San Luis del Palmar<\/p>\n","protected":false},"excerpt":{"rendered":"<p>El gobernador Gustavo Vald\u00e9s encabez\u00f3 este s\u00e1bado el acto conmemorativo por los 219 a\u00f1os de San Luis del Palmar. All\u00ed, inst\u00f3 a los presentes: &#8220;Hagamos el esfuerzo y el trabajo&hellip; <\/p>\n","protected":false},"author":1,"featured_media":210402,"comment_status":"closed","ping_status":"open","sticky":false,"template":"","format":"standard","meta":{"footnotes":""},"categories":[23,1208],"tags":[],"class_list":["post-210401","post","type-post","status-publish","format-standard","has-post-thumbnail","hentry","category-actualidad","category-eventossociedad"],"_links":{"self":[{"href":"https:\/\/corrientesdetarde.com\/index.php\/wp-json\/wp\/v2\/posts\/210401","targetHints":{"allow":["GET"]}}],"collection":[{"href":"https:\/\/corrientesdetarde.com\/index.php\/wp-json\/wp\/v2\/posts"}],"about":[{"href":"https:\/\/corrientesdetarde.com\/index.php\/wp-json\/wp\/v2\/types\/post"}],"author":[{"embeddable":true,"href":"https:\/\/corrientesdetarde.com\/index.php\/wp-json\/wp\/v2\/users\/1"}],"replies":[{"embeddable":true,"href":"https:\/\/corrientesdetarde.com\/index.php\/wp-json\/wp\/v2\/comments?post=210401"}],"version-history":[{"count":1,"href":"https:\/\/corrientesdetarde.com\/index.php\/wp-json\/wp\/v2\/posts\/210401\/revisions"}],"predecessor-version":[{"id":210405,"href":"https:\/\/corrientesdetarde.com\/index.php\/wp-json\/wp\/v2\/posts\/210401\/revisions\/210405"}],"wp:featuredmedia":[{"embeddable":true,"href":"https:\/\/corrientesdetarde.com\/index.php\/wp-json\/wp\/v2\/media\/210402"}],"wp:attachment":[{"href":"https:\/\/corrientesdetarde.com\/index.php\/wp-json\/wp\/v2\/media?parent=210401"}],"wp:term":[{"taxonomy":"category","embeddable":true,"href":"https:\/\/corrientesdetarde.com\/index.php\/wp-json\/wp\/v2\/categories?post=210401"},{"taxonomy":"post_tag","embeddable":true,"href":"https:\/\/corrientesdetarde.com\/index.php\/wp-json\/wp\/v2\/tags?post=210401"}],"curies":[{"name":"wp","href":"https:\/\/api.w.org\/{rel}","templated":true}]}}