{"id":210520,"date":"2025-06-01T19:40:00","date_gmt":"2025-06-01T22:40:00","guid":{"rendered":"https:\/\/corrientesdetarde.com\/?p=210520"},"modified":"2025-06-01T19:10:39","modified_gmt":"2025-06-01T22:10:39","slug":"el-misterioso-mensaje-de-wanda-nara-que-desato-rumores-de-romance-con-un-excompanero-de-mauro-icardi","status":"publish","type":"post","link":"https:\/\/corrientesdetarde.com\/index.php\/espectaculos\/el-misterioso-mensaje-de-wanda-nara-que-desato-rumores-de-romance-con-un-excompanero-de-mauro-icardi\/","title":{"rendered":"El misterioso mensaje de Wanda Nara que desat\u00f3 rumores de romance con un excompa\u00f1ero de Mauro Icardi."},"content":{"rendered":"\n<h2 class=\"wp-block-heading\">La conductora estar\u00eda iniciando una relaci\u00f3n con un futbolista del equipo franc\u00e9s.<\/h2>\n\n\n\n<p><strong>Wanda Nara<\/strong>\u00a0no para de generar contenido sobre su vida a cada paso. En esta oportunidad, desde Europa, desat\u00f3 una ola de rumores de todo tipo. Desde su estad\u00eda en Mil\u00e1n para presenciar la audiencia de divorcio de su expareja,\u00a0<strong>Mauro Icardi<\/strong>, hasta su reciente visita al estadio durante el partido entre el PSG y el Inter de Mil\u00e1n el pasado s\u00e1bado despert\u00f3 un inter\u00e9s particular. Todo ocurri\u00f3 luego de que Nara comparti\u00f3 en su cuenta de Instagram\u00a0<strong>un video del equipo ganador, el Paris Saint Germain, acompa\u00f1ado del mensaje \u201cTe lo dije\u201d<\/strong>.<\/p>\n\n\n\n<p>As\u00ed fue como las im\u00e1genes capturaron la celebraci\u00f3n desde el campo de juego, y aunque ella no revel\u00f3 a qu\u00e9 se refer\u00eda exactamente, los seguidores comenzaron a especular. El mensaje podr\u00eda referirse a una predicci\u00f3n sobre el resultado del partido o tal vez a un comentario personal sobre el rendimiento de alg\u00fan futbolista.<img loading=\"lazy\" decoding=\"async\" height=\"865\" width=\"490\" src=\"https:\/\/www.infobae.com\/resizer\/v2\/GV34PXST2REMZCRLV2YN2PWC3M.jpg?auth=bca8764b1fc6be9aca14060c8bc731fb1318a18b2b63288d5e691c3e3f567b35&amp;smart=true&amp;width=350&amp;height=622&amp;quality=85\" alt=\"Wanda Nara dej\u00f3 un enigm\u00e1tico\"><\/p>\n\n\n\n<p>Wanda Nara dej\u00f3 un enigm\u00e1tico mensaje en su visita al partido entre el Inter y el PSG (Instagram)<\/p>\n\n\n\n<p>En el video compartido por Nara,\u00a0<strong>Achraf Hakimi<\/strong>\u00a0aparece como la figura m\u00e1s destacada, seg\u00fan advirti\u00f3 Marcia Frisciotti, en su cuenta\u00a0<em>Gossipeame<\/em>. Hakimi, de origen marroqu\u00ed, actualmente juega para el PSG y su presencia constante en los titulares contrasta su desempe\u00f1o deportivo con su vida personal.\u00a0<strong>Separado de su expareja Hiba Abouk<\/strong>, con quien tiene dos hijas, la atenci\u00f3n medi\u00e1tica se centra en el futbolista debido no solo a su talento en la cancha, sino tambi\u00e9n a las circunstancias personales que lo rodean. Despu\u00e9s de la ruptura, Hakimi fue vinculado a una modelo marroqu\u00ed. Juntos protagonizaron la portada de una reconocida revista de moda, lo que intensific\u00f3 los rumores sobre su vida personal. Durante el partido entre el PSG y el Inter,\u00a0<strong>la modelo en cuesti\u00f3n tambi\u00e9n asisti\u00f3 al evento<\/strong>, lo que no hizo m\u00e1s que avivar las especulaciones sobre su relaci\u00f3n con el futbolista.<\/p>\n\n\n\n<figure class=\"wp-block-image\"><img decoding=\"async\" src=\"https:\/\/www.infobae.com\/resizer\/v2\/NNJQMLWUJNGPVPQ4EVWTSP2PWI.jpg?auth=16cf4373f4244728922ac8940d504955358c92a757248e21b141a20d76c9afb7&amp;smart=true&amp;width=350&amp;height=622&amp;quality=85\" alt=\"Hakimi fue compa\u00f1ero de Mauro\"\/><\/figure>\n\n\n\n<p>Hakimi fue compa\u00f1ero de Mauro Icardi en su paso por el PSG (Instagram)<\/p>\n\n\n\n<p>Wanda Nara, por su parte, parece tener un v\u00ednculo directo con el entorno del PSG. De acuerdo con\u00a0<strong>Yanina Latorre<\/strong>, una fuente bien informada de las incursiones de Wanda en la capital francesa,\u00a0<strong>Nara habr\u00eda sido invitada por una figura relevante del PSG<\/strong>, lo que le permiti\u00f3 alojarse en el hotel que el club destin\u00f3 para los jugadores y sus familias. Esta situaci\u00f3n, aunque no del todo inusual, subraya la influencia de Nara en el \u00e1mbito futbol\u00edstico y su capacidad para desenvolverse entre bastidores en este escenario.<img loading=\"lazy\" decoding=\"async\" height=\"826\" width=\"701\" src=\"https:\/\/www.infobae.com\/resizer\/v2\/NTMQ3HU7DVCUZC7K2BGKXNDKBI.jpg?auth=ec29b6e08d59bd51c11959745590cd70ba3aabf8b01a9b2575fc691418d9bf58&amp;smart=true&amp;width=350&amp;height=467&amp;quality=85\" alt=\"Wanda Nara con un pretzel\"><\/p>\n\n\n\n<p>Wanda Nara con un pretzel en sus manos, en Munich (Instagram)<\/p>\n\n\n\n<p>Al concluir el fin de semana, la empresaria sorprendi\u00f3 al publicar en sus redes sociales una serie de im\u00e1genes desde un avi\u00f3n privado. Seg\u00fan las fotos compartidas,\u00a0<strong>Wanda emprend\u00eda su regreso a Mil\u00e1n<\/strong>, donde su c\u00edrculo de amigos la esperaba para continuar su viaje. El destino final de su traves\u00eda es Ibiza, una isla que se mantiene como uno de los puntos de encuentro predilectos para estrellas y celebridades.<\/p>\n\n\n\n<p>Mientras tanto, Mauro Icardi, su expareja, tambi\u00e9n acapara la atenci\u00f3n p\u00fablica. El jugador del Galatasaray, en medio de un proceso judicial de divorcio con Nara, se encuentra en Italia. El viaje no solo tuvo como prop\u00f3sito asistir a una audiencia crucial, sino que tambi\u00e9n ofreci\u00f3 una oportunidad para que<strong>\u00a0el jugador fortalezca sus lazos familiares junto a la China Su\u00e1rez y los hijos de la actriz<\/strong>. Adem\u00e1s,\u00a0la pareja asisti\u00f3 al Festival de Cine de Ibiza el s\u00e1bado pasado.<\/p>\n\n\n\n<p>El regreso de Wanda Nara a Mil\u00e1n, su viaje a Ibiza, y las actividades de Mauro Icardi en Italia reflejan el constante cambio en un mundo donde el drama personal y profesional caminan de la mano.<\/p>\n\n\n\n<p>Las im\u00e1genes y palabras compartidas en las redes por todos los protagonistas son tan poderosas que pueden cambiar el curso de las historias personales y profesionales de figuras como Nara, Icardi y Hakimi, quienes contin\u00faan escribiendo cap\u00edtulos en esta din\u00e1mica novela de vidas entrelazadas.<\/p>\n","protected":false},"excerpt":{"rendered":"<p>La conductora estar\u00eda iniciando una relaci\u00f3n con un futbolista del equipo franc\u00e9s. Wanda Nara\u00a0no para de generar contenido sobre su vida a cada paso. En esta oportunidad, desde Europa, desat\u00f3&hellip; <\/p>\n","protected":false},"author":6,"featured_media":210529,"comment_status":"closed","ping_status":"open","sticky":false,"template":"","format":"standard","meta":{"footnotes":""},"categories":[19],"tags":[],"class_list":["post-210520","post","type-post","status-publish","format-standard","has-post-thumbnail","hentry","category-espectaculos"],"_links":{"self":[{"href":"https:\/\/corrientesdetarde.com\/index.php\/wp-json\/wp\/v2\/posts\/210520","targetHints":{"allow":["GET"]}}],"collection":[{"href":"https:\/\/corrientesdetarde.com\/index.php\/wp-json\/wp\/v2\/posts"}],"about":[{"href":"https:\/\/corrientesdetarde.com\/index.php\/wp-json\/wp\/v2\/types\/post"}],"author":[{"embeddable":true,"href":"https:\/\/corrientesdetarde.com\/index.php\/wp-json\/wp\/v2\/users\/6"}],"replies":[{"embeddable":true,"href":"https:\/\/corrientesdetarde.com\/index.php\/wp-json\/wp\/v2\/comments?post=210520"}],"version-history":[{"count":1,"href":"https:\/\/corrientesdetarde.com\/index.php\/wp-json\/wp\/v2\/posts\/210520\/revisions"}],"predecessor-version":[{"id":210533,"href":"https:\/\/corrientesdetarde.com\/index.php\/wp-json\/wp\/v2\/posts\/210520\/revisions\/210533"}],"wp:featuredmedia":[{"embeddable":true,"href":"https:\/\/corrientesdetarde.com\/index.php\/wp-json\/wp\/v2\/media\/210529"}],"wp:attachment":[{"href":"https:\/\/corrientesdetarde.com\/index.php\/wp-json\/wp\/v2\/media?parent=210520"}],"wp:term":[{"taxonomy":"category","embeddable":true,"href":"https:\/\/corrientesdetarde.com\/index.php\/wp-json\/wp\/v2\/categories?post=210520"},{"taxonomy":"post_tag","embeddable":true,"href":"https:\/\/corrientesdetarde.com\/index.php\/wp-json\/wp\/v2\/tags?post=210520"}],"curies":[{"name":"wp","href":"https:\/\/api.w.org\/{rel}","templated":true}]}}