{"id":210521,"date":"2025-06-01T19:30:00","date_gmt":"2025-06-01T22:30:00","guid":{"rendered":"https:\/\/corrientesdetarde.com\/?p=210521"},"modified":"2025-06-01T19:06:32","modified_gmt":"2025-06-01T22:06:32","slug":"airbag-hizo-historia-en-su-primer-show-en-river","status":"publish","type":"post","link":"https:\/\/corrientesdetarde.com\/index.php\/espectaculos\/airbag-hizo-historia-en-su-primer-show-en-river\/","title":{"rendered":"Airbag hizo historia en su primer show en River."},"content":{"rendered":"\n<h2 class=\"wp-block-heading\">Los hermanos Sardelli presentaron su \u00faltimo \u00e1lbum \u201cEl Club de la Pelea I\u201d en el estadio Monumental y provocaron la locura de miles de fans.<\/h2>\n\n\n\n<p><strong>Airbag<\/strong> hizo historia este s\u00e1bado 31 de mayo con su primer show en el<strong>\u00a0Estadio de River Plate<\/strong>\u00a0y cumpli\u00f3 su sue\u00f1o ante m\u00e1s de 70 mil fan\u00e1ticos que corearon todas las canciones de su repertorio.<\/p>\n\n\n\n<p>Los hermanos Sardelli no solo presentaron su \u00faltimo disco\u00a0<em><strong>El club de la pelea I\u00a0<\/strong><\/em>sino que invitaron a sus seguidores a un repaso inolvidable por su carrera musical -que data desde hace m\u00e1s de 20 a\u00f1os-.<\/p>\n\n\n\n<p>Los primeros segundos del show anticiparon la locura que se iba a vivir este s\u00e1bado en Buenos Aires ante el hecho hist\u00f3rico de que los m\u00fasicos nacidos en Don Torcuato agotaron dos River. Por eso, la<strong>&nbsp;apertura con \u201cJinetes Cromados\u201d&nbsp;<\/strong>estuvo a la altura: una cuenta regresiva que llen\u00f3 de ansiedad a los fans, fuegos artificiales y efectos de luces impactantes.<\/p>\n\n\n\n<figure class=\"wp-block-image\"><img decoding=\"async\" src=\"https:\/\/tn.com.ar\/resizer\/v2\/airbag-toco-en-river-y-repite-el-domingo-1-de-junio-foto-prensa-df-AQAXDLU64NF5TLC6ENAB6SIHVA.jpg?auth=a998b586a563870e54cbb70a837d914cbd8094739be4ec42f358246f0429f5d3&amp;width=767\" alt=\"Airbag toc\u00f3 en River y repite el domingo 1 de junio. (Foto: Prensa DF)\"\/><figcaption class=\"wp-element-caption\">Airbag toc\u00f3 en River y repite el domingo 1 de junio. (Foto: Prensa DF)<\/figcaption><\/figure>\n\n\n\n<p>Entre el p\u00fablico se pod\u00edan ver personas de&nbsp;<strong>diferentes edades<\/strong>&nbsp;que reflejaban la amplia trayectoria que la banda recorri\u00f3 en estas&nbsp;<strong>m\u00e1s de dos d\u00e9cadas<\/strong>. Desde aquellos primeros seguidores que pegaban posters y recortes de revistas en la habitaci\u00f3n, a quiz\u00e1s los m\u00e1s actuales que conocieron sus canciones gracias a las plataformas digitales.<\/p>\n\n\n\n<p>La bandera de Don Torcuato flameando en el medio del campo de River seguramente les hizo recordar sus inicios, cuando apostaron todo por su pasi\u00f3n. Despu\u00e9s de shows, frustraciones, giras, discos, hits y cuatro V\u00e9lez,&nbsp;<strong>Airbag cumpli\u00f3 \u201cel sue\u00f1o del pibe\u201d<\/strong>.<\/p>\n\n\n\n<p>Pero esa frase va m\u00e1s all\u00e1 del dicho clich\u00e9 que se usa en la jerga futbol\u00edstica. En un momento de la noche, Pato Sardelli cant\u00f3 al piano&nbsp;<strong>la canci\u00f3n de tango que lleva ese nombre<\/strong>&nbsp;y que, sin dudas, podr\u00eda reflejar el esfuerzo del grupo durante todo este tiempo y su emoci\u00f3n por el hecho hist\u00f3rico de tocar -dos veces&nbsp;<em>soldout<\/em>&#8211; en el Monumental.<\/p>\n\n\n\n<p>\u201cMamita querida, ganar\u00e9 dinero, ser\u00e9 un Maradona, un Rojita, un Boy\u00e9\u201d, dice parte de la letra que el cantante interpret\u00f3 este s\u00e1bado. \u201cVas a ver qu\u00e9 lindo cuando all\u00e1 en la cancha mis goles aplaudan, ser\u00e9 un triunfador. Jugar\u00e9 en la quinta, despu\u00e9s en primera,&nbsp;<strong>yo s\u00e9 que me espera la consagraci\u00f3n<\/strong>\u201d, enton\u00f3 Pato.<\/p>\n\n\n\n<figure class=\"wp-block-image\"><img decoding=\"async\" src=\"https:\/\/tn.com.ar\/resizer\/v2\/airbag-hizo-vibrar-a-mas-de-70-mil-fanaticos-en-river-foto-prensa-df-U5K4JYQ5M5D75FUTFD7QFFDQH4.JPG?auth=fc6ea60e460ec2923bca98ac1199279401f1c767abc2aa8f35d90d808f2fa707&amp;width=767\" alt=\"Airbag hizo vibrar a m\u00e1s de 70 mil fan\u00e1ticos en River. (Foto: Prensa DF)\"\/><figcaption class=\"wp-element-caption\">Airbag hizo vibrar a m\u00e1s de 70 mil fan\u00e1ticos en River. (Foto: Prensa DF)<\/figcaption><\/figure>\n\n\n\n<h2 class=\"wp-block-heading\">Airbag se consagr\u00f3 en River: los momentos m\u00e1s \u00e9picos del primer show<\/h2>\n\n\n\n<p>En su primera noche en el emblem\u00e1tico estadio ubicado en el barrio porte\u00f1o de N\u00fa\u00f1ez, la banda hizo una lista con m\u00e1s de 20 canciones. Mientras la apertura del show fue con&nbsp;<strong>\u201cJinetes Cromados\u201d<\/strong>&nbsp;de su \u00e1lbum&nbsp;<em>Al parecer todo ha sido una trampa<\/em>, para el final eligieron un cierre \u00e9pico a pura emoci\u00f3n con&nbsp;<strong>\u201cSolo aqu\u00ed\u201d<\/strong>&nbsp;de su debut hom\u00f3nimo (2004).<\/p>\n\n\n\n<figure class=\"wp-block-image\"><img decoding=\"async\" src=\"https:\/\/tn.com.ar\/resizer\/v2\/gaston-y-pato-sardelli-en-la-primera-de-las-dos-fechas-agotadas-de-airbag-en-river-foto-prensa-df-X4UW65QLDNDY7BBDEYDRRX3F3A.jpg?auth=6397002e1ea2499963b294a63c6f99add1e78b3374a6f7d97264e7fb9fa441e9&amp;width=767\" alt=\"Gast\u00f3n y Pato Sardelli en la primera de las dos fechas agotadas de Airbag en River. (Foto: Prensa DF)\"\/><figcaption class=\"wp-element-caption\">Gast\u00f3n y Pato Sardelli en la primera de las dos fechas agotadas de Airbag en River. (Foto: Prensa DF)<\/figcaption><\/figure>\n\n\n\n<p>Desde principio a fin, el p\u00fablico de Airbag hizo pogo en el campo de River con las canciones m\u00e1s rockeras de la banda. Quienes estaban en las plateas del predio no dudaron en ponerse de pie durante casi todo el recital, adem\u00e1s de acompa\u00f1ar con los flashes de sus celulares en varias oportunidades.<\/p>\n\n\n\n<p>Uno de los momentos m\u00e1s emotivos se vivi\u00f3 cuando los fans iluminaron el estadio con las luces blancas de los tel\u00e9fonos, mientras el grupo interpretaba<strong>&nbsp;\u201cCae el sol\u201d<\/strong>. Totalmente emocionado por lo que estaba protagonizando, Pato decidi\u00f3<strong>&nbsp;frenar unos segundos<\/strong>&nbsp;y hacer una reflexi\u00f3n antes del \u00faltimo estribillo del tema.<\/p>\n\n\n\n<figure class=\"wp-block-image\"><img decoding=\"async\" src=\"https:\/\/tn.com.ar\/resizer\/v2\/pato-sardelli-deslumbro-a-sus-fanaticos-con-sus-solos-de-guitarra-en-river-foto-prensa-df-irishsuarez-GOWXSSKW45DRNE56DDXICP6ZPU.jpg?auth=c913c26bbadbad5b7d2e1da2e779bfd8c26149eefbf26b5dba14f909a957ad6f&amp;width=767\" alt=\"Pato Sardelli deslumbr\u00f3 a sus fan\u00e1ticos con sus solos de guitarra en River. (Foto: Prensa DF - @irishsuarez)\"\/><figcaption class=\"wp-element-caption\">Pato Sardelli deslumbr\u00f3 a sus fan\u00e1ticos con sus solos de guitarra en River. (Foto: Prensa DF &#8211; @irishsuarez)<\/figcaption><\/figure>\n\n\n\n<p>\u201cVamos a olvidarnos de todo por un rato, esta noche ac\u00e1 en el Monumental. Vamos a dejar toda la mier&#8230; afuera, la pol\u00edtica de todos los d\u00edas, la universidad, el trabajo, las traiciones, todo eso que est\u00e1 en nuestra cabeza todas las noches. Para las personas que ya no est\u00e1n con nosotros, pero las tenemos en nuestro esp\u00edritu, vamos por ellos, por olvidarnos de todo lo malo un rato. Vamos a usar<strong>&nbsp;la m\u00fasica que es lo que nunca nos traiciona<\/strong>&nbsp;y que hoy nos re\u00fane a todos ac\u00e1\u201d, expres\u00f3, conmovido.<\/p>\n\n\n\n<p>\u201cNo conf\u00edes en tu suerte\u201d, \u201cPor eso nadie recordar\u00e1 tu nombre\u201d y \u201cNunca lo olvides\u201d, fueron algunos de los temas de su \u00faltimo \u00e1lbum que m\u00e1s fervor generaron en el p\u00fablico. Tambi\u00e9n hicieron un repaso por&nbsp;<strong>\u201cHurac\u00e1n\u201d<\/strong>, \u201cCuchillos guantanamera\u201d, \u201cApocalipsis confort\u201d y&nbsp;<strong>\u201cPor mil noches\u201d<\/strong>.<\/p>\n\n\n\n<p>Sobre el final del show, no falt\u00f3 el inconfundible solo de guitarra de Pato en el que la banda enton\u00f3 el Himno Nacional Argentino. Despu\u00e9s de la energ\u00eda fren\u00e9tica de \u201cColombiana\u201d, \u201cComo un diamante\u201d y \u201cKalashnikov\u201d, lleg\u00f3 el final con \u201cSolo aqu\u00ed\u201d con fuegos artificiales y gran despliegue en las pantallas.&nbsp;<strong>\u201cEsta noche es inolvidable\u201d<\/strong>, asegur\u00f3 Guido para dar por cerrada la primera presentaci\u00f3n de Airbag en River.<\/p>\n","protected":false},"excerpt":{"rendered":"<p>Los hermanos Sardelli presentaron su \u00faltimo \u00e1lbum \u201cEl Club de la Pelea I\u201d en el estadio Monumental y provocaron la locura de miles de fans. Airbag hizo historia este s\u00e1bado&hellip; <\/p>\n","protected":false},"author":6,"featured_media":210526,"comment_status":"closed","ping_status":"open","sticky":false,"template":"","format":"standard","meta":{"footnotes":""},"categories":[19],"tags":[],"class_list":["post-210521","post","type-post","status-publish","format-standard","has-post-thumbnail","hentry","category-espectaculos"],"_links":{"self":[{"href":"https:\/\/corrientesdetarde.com\/index.php\/wp-json\/wp\/v2\/posts\/210521","targetHints":{"allow":["GET"]}}],"collection":[{"href":"https:\/\/corrientesdetarde.com\/index.php\/wp-json\/wp\/v2\/posts"}],"about":[{"href":"https:\/\/corrientesdetarde.com\/index.php\/wp-json\/wp\/v2\/types\/post"}],"author":[{"embeddable":true,"href":"https:\/\/corrientesdetarde.com\/index.php\/wp-json\/wp\/v2\/users\/6"}],"replies":[{"embeddable":true,"href":"https:\/\/corrientesdetarde.com\/index.php\/wp-json\/wp\/v2\/comments?post=210521"}],"version-history":[{"count":1,"href":"https:\/\/corrientesdetarde.com\/index.php\/wp-json\/wp\/v2\/posts\/210521\/revisions"}],"predecessor-version":[{"id":210528,"href":"https:\/\/corrientesdetarde.com\/index.php\/wp-json\/wp\/v2\/posts\/210521\/revisions\/210528"}],"wp:featuredmedia":[{"embeddable":true,"href":"https:\/\/corrientesdetarde.com\/index.php\/wp-json\/wp\/v2\/media\/210526"}],"wp:attachment":[{"href":"https:\/\/corrientesdetarde.com\/index.php\/wp-json\/wp\/v2\/media?parent=210521"}],"wp:term":[{"taxonomy":"category","embeddable":true,"href":"https:\/\/corrientesdetarde.com\/index.php\/wp-json\/wp\/v2\/categories?post=210521"},{"taxonomy":"post_tag","embeddable":true,"href":"https:\/\/corrientesdetarde.com\/index.php\/wp-json\/wp\/v2\/tags?post=210521"}],"curies":[{"name":"wp","href":"https:\/\/api.w.org\/{rel}","templated":true}]}}