{"id":210527,"date":"2025-06-01T19:08:33","date_gmt":"2025-06-01T22:08:33","guid":{"rendered":"https:\/\/corrientesdetarde.com\/?p=210527"},"modified":"2025-06-01T19:08:34","modified_gmt":"2025-06-01T22:08:34","slug":"buscan-a-un-joven-de-17-anos-desaparecido-de-un-hogar-en-corrientes","status":"publish","type":"post","link":"https:\/\/corrientesdetarde.com\/index.php\/sociales\/buscan-a-un-joven-de-17-anos-desaparecido-de-un-hogar-en-corrientes\/","title":{"rendered":"Buscan a un joven de 17 a\u00f1os desaparecido de un hogar en Corrientes"},"content":{"rendered":"\n<p>Federico Fernando Alegre se ausent\u00f3 del hogar &#8220;Miguel Magone&#8221; y es intensamente buscado por la Polic\u00eda. Piden colaboraci\u00f3n para dar con su paradero.<\/p>\n\n\n\n<figure class=\"wp-block-image size-full\"><img loading=\"lazy\" decoding=\"async\" width=\"675\" height=\"762\" src=\"https:\/\/corrientesdetarde.com\/wp-content\/uploads\/2025\/06\/image-22.png\" alt=\"\" class=\"wp-image-210530\" srcset=\"https:\/\/corrientesdetarde.com\/wp-content\/uploads\/2025\/06\/image-22.png 675w, https:\/\/corrientesdetarde.com\/wp-content\/uploads\/2025\/06\/image-22-266x300.png 266w\" sizes=\"auto, (max-width: 675px) 100vw, 675px\" \/><\/figure>\n\n\n\n<p>La Polic\u00eda de Corrientes difundi\u00f3 este jueves una solicitud de colaboraci\u00f3n para dar con el paradero de Federico Fernando Alegre, un adolescente de 17 a\u00f1os que se encuentra desaparecido desde su salida del hogar &#8220;Miguel Magone&#8221;.<\/p>\n\n\n\n<p>La Comisar\u00eda Primera de la Mujer y el Menor, con intervenci\u00f3n de la Fiscal\u00eda de Investigaci\u00f3n en turno, tom\u00f3 conocimiento de la situaci\u00f3n tras la denuncia de una persona de apellido Gonz\u00e1lez. Desde entonces se intensificaron las tareas de b\u00fasqueda y se pidi\u00f3 la ayuda de la comunidad para su localizaci\u00f3n.<\/p>\n\n\n\n<p>El joven mide aproximadamente 1,75 metros, es de contextura delgada, tez morena, tiene ojos marrones y cabello corto de color negro. Al momento de su desaparici\u00f3n vest\u00eda un pantal\u00f3n tipo buzo color bord\u00f3, saco de hilo azul y zapatillas negras.<\/p>\n\n\n\n<p>Quienes tengan informaci\u00f3n que pueda ser \u00fatil deben comunicarse con la Comisar\u00eda Primera de la Mujer y el Menor al 3794-432913, al 911 en la ciudad capital o al 101 en el interior de la provincia.<\/p>\n","protected":false},"excerpt":{"rendered":"<p>Federico Fernando Alegre se ausent\u00f3 del hogar &#8220;Miguel Magone&#8221; y es intensamente buscado por la Polic\u00eda. Piden colaboraci\u00f3n para dar con su paradero. La Polic\u00eda de Corrientes difundi\u00f3 este jueves&hellip; <\/p>\n","protected":false},"author":4,"featured_media":210531,"comment_status":"closed","ping_status":"open","sticky":false,"template":"","format":"standard","meta":{"footnotes":""},"categories":[17],"tags":[],"class_list":["post-210527","post","type-post","status-publish","format-standard","has-post-thumbnail","hentry","category-sociales"],"_links":{"self":[{"href":"https:\/\/corrientesdetarde.com\/index.php\/wp-json\/wp\/v2\/posts\/210527","targetHints":{"allow":["GET"]}}],"collection":[{"href":"https:\/\/corrientesdetarde.com\/index.php\/wp-json\/wp\/v2\/posts"}],"about":[{"href":"https:\/\/corrientesdetarde.com\/index.php\/wp-json\/wp\/v2\/types\/post"}],"author":[{"embeddable":true,"href":"https:\/\/corrientesdetarde.com\/index.php\/wp-json\/wp\/v2\/users\/4"}],"replies":[{"embeddable":true,"href":"https:\/\/corrientesdetarde.com\/index.php\/wp-json\/wp\/v2\/comments?post=210527"}],"version-history":[{"count":1,"href":"https:\/\/corrientesdetarde.com\/index.php\/wp-json\/wp\/v2\/posts\/210527\/revisions"}],"predecessor-version":[{"id":210532,"href":"https:\/\/corrientesdetarde.com\/index.php\/wp-json\/wp\/v2\/posts\/210527\/revisions\/210532"}],"wp:featuredmedia":[{"embeddable":true,"href":"https:\/\/corrientesdetarde.com\/index.php\/wp-json\/wp\/v2\/media\/210531"}],"wp:attachment":[{"href":"https:\/\/corrientesdetarde.com\/index.php\/wp-json\/wp\/v2\/media?parent=210527"}],"wp:term":[{"taxonomy":"category","embeddable":true,"href":"https:\/\/corrientesdetarde.com\/index.php\/wp-json\/wp\/v2\/categories?post=210527"},{"taxonomy":"post_tag","embeddable":true,"href":"https:\/\/corrientesdetarde.com\/index.php\/wp-json\/wp\/v2\/tags?post=210527"}],"curies":[{"name":"wp","href":"https:\/\/api.w.org\/{rel}","templated":true}]}}