{"id":210545,"date":"2025-06-01T19:39:41","date_gmt":"2025-06-01T22:39:41","guid":{"rendered":"https:\/\/corrientesdetarde.com\/?p=210545"},"modified":"2025-06-01T19:39:53","modified_gmt":"2025-06-01T22:39:53","slug":"confirman-la-condena-a-un-ex-concejal-de-corrientes-por-abusar-de-tres-mujeres","status":"publish","type":"post","link":"https:\/\/corrientesdetarde.com\/index.php\/policiales\/confirman-la-condena-a-un-ex-concejal-de-corrientes-por-abusar-de-tres-mujeres\/","title":{"rendered":"Confirman la condena a un ex concejal de Corrientes por abusar de tres mujeres"},"content":{"rendered":"\n<p>El Superior Tribunal de Justicia ratific\u00f3 la pena de 13 a\u00f1os de prisi\u00f3n para Guillermo C\u00f3rdoba, exedil de Goya y dirigente del Movimiento Evita.<\/p>\n\n\n\n<p>El Superior Tribunal de Justicia de Corrientes confirm\u00f3 la condena contra Guillermo Am\u00e9rico C\u00f3rdoba, exconcejal de Goya por el Partido Justicialista y referente del Movimiento Evita, quien fue sentenciado a 13 a\u00f1os de prisi\u00f3n por abusar sexualmente de tres mujeres entre 2022 y 2023.<\/p>\n\n\n\n<p>Las v\u00edctimas, militantes del movimiento y beneficiarias de programas sociales, denunciaron haber sido abusadas por C\u00f3rdoba a cambio de mantener sus planes. La condena incluye los delitos de abuso sexual con acceso carnal en modalidad continuada y abuso sexual simple, en concurso real y en calidad de autor.<\/p>\n\n\n\n<p>El fallo del STJ, dictado por unanimidad, rechaz\u00f3 los recursos de casaci\u00f3n presentados por la defensa del imputado. El ministro Alejandro Cha\u00edn, autor del primer voto, afirm\u00f3 que los jueces de juicio actuaron conforme a la l\u00f3gica y la experiencia com\u00fan al valorar las pruebas del caso, y consider\u00f3 &#8220;inobjetable&#8221; la sentencia del Tribunal de Juicio de Goya.<\/p>\n","protected":false},"excerpt":{"rendered":"<p>El Superior Tribunal de Justicia ratific\u00f3 la pena de 13 a\u00f1os de prisi\u00f3n para Guillermo C\u00f3rdoba, exedil de Goya y dirigente del Movimiento Evita. El Superior Tribunal de Justicia de&hellip; <\/p>\n","protected":false},"author":4,"featured_media":210546,"comment_status":"closed","ping_status":"open","sticky":false,"template":"","format":"standard","meta":{"footnotes":""},"categories":[33],"tags":[],"class_list":["post-210545","post","type-post","status-publish","format-standard","has-post-thumbnail","hentry","category-policiales"],"_links":{"self":[{"href":"https:\/\/corrientesdetarde.com\/index.php\/wp-json\/wp\/v2\/posts\/210545","targetHints":{"allow":["GET"]}}],"collection":[{"href":"https:\/\/corrientesdetarde.com\/index.php\/wp-json\/wp\/v2\/posts"}],"about":[{"href":"https:\/\/corrientesdetarde.com\/index.php\/wp-json\/wp\/v2\/types\/post"}],"author":[{"embeddable":true,"href":"https:\/\/corrientesdetarde.com\/index.php\/wp-json\/wp\/v2\/users\/4"}],"replies":[{"embeddable":true,"href":"https:\/\/corrientesdetarde.com\/index.php\/wp-json\/wp\/v2\/comments?post=210545"}],"version-history":[{"count":1,"href":"https:\/\/corrientesdetarde.com\/index.php\/wp-json\/wp\/v2\/posts\/210545\/revisions"}],"predecessor-version":[{"id":210547,"href":"https:\/\/corrientesdetarde.com\/index.php\/wp-json\/wp\/v2\/posts\/210545\/revisions\/210547"}],"wp:featuredmedia":[{"embeddable":true,"href":"https:\/\/corrientesdetarde.com\/index.php\/wp-json\/wp\/v2\/media\/210546"}],"wp:attachment":[{"href":"https:\/\/corrientesdetarde.com\/index.php\/wp-json\/wp\/v2\/media?parent=210545"}],"wp:term":[{"taxonomy":"category","embeddable":true,"href":"https:\/\/corrientesdetarde.com\/index.php\/wp-json\/wp\/v2\/categories?post=210545"},{"taxonomy":"post_tag","embeddable":true,"href":"https:\/\/corrientesdetarde.com\/index.php\/wp-json\/wp\/v2\/tags?post=210545"}],"curies":[{"name":"wp","href":"https:\/\/api.w.org\/{rel}","templated":true}]}}