{"id":210575,"date":"2025-06-01T21:00:00","date_gmt":"2025-06-02T00:00:00","guid":{"rendered":"https:\/\/corrientesdetarde.com\/?p=210575"},"modified":"2025-06-01T20:19:06","modified_gmt":"2025-06-01T23:19:06","slug":"canada-miles-de-evacuadas-por-una-ola-de-incendios-descontrolados","status":"publish","type":"post","link":"https:\/\/corrientesdetarde.com\/index.php\/internacionales\/canada-miles-de-evacuadas-por-una-ola-de-incendios-descontrolados\/","title":{"rendered":"Canad\u00e1: miles de evacuadas por una ola de incendios descontrolados."},"content":{"rendered":"\n<h2 class=\"wp-block-heading\">Hay 146 focos activos. Hay varias comunidades ind\u00edgenas afectadas.<\/h2>\n\n\n\n<p>Decenas de miles de personas fueron evacuadas, muchas de ellas en remotas comunidades ind\u00edgenas,&nbsp;<strong>a causa de una ola de incendios, en su mayor\u00eda fuera de control,<\/strong>&nbsp;en el oeste de Canad\u00e1.<\/p>\n\n\n\n<p>Las autoridades locales dijeron que hay 146 focos activos. Las cifras oficiales se\u00f1alan que la provincia de Columbia Brit\u00e1nica, en la costa del Pac\u00edfico, es la m\u00e1s afectada con 65 incendios activos, seguida de Alberta con 52, Manitoba con 15 y Saskatchewan con 14.<\/p>\n\n\n\n<p>En lo que va de a\u00f1o, Canad\u00e1 registra 1618 incendios forestales que consumieron 1,4 millones de hect\u00e1reas de bosque.<\/p>\n\n\n\n<h2 class=\"wp-block-heading\">Elevada temperatura y baja humedad<\/h2>\n\n\n\n<p>La ola de incendios en el oeste de Canad\u00e1 fue favorecida por las elevadas temperaturas y la baja humedad.<\/p>\n\n\n\n<p>Las dos provincias m\u00e1s afectadas por las evacuaciones son Saskatchewan y Manitoba, donde m\u00e1s de 22.000 personas fueron desplazadas. Adem\u00e1s, se teme que en las pr\u00f3ximas horas otros cientos tendr\u00e1n que abandonar sus hogares por la amenaza de las llamas.<\/p>\n\n\n\n<figure class=\"wp-block-image\"><img decoding=\"async\" src=\"https:\/\/tn.com.ar\/resizer\/v2\/a-water-bomber-drops-a-load-on-the-nopiming-provincial-park-wildfire-ea061-east-of-bird-river-manitoba-canada-may-29-2025-manitoba-governmenthandout-via-reuters-this-image-has-been-supplied-by-a-third-party-HAXNC63GRHTLAP3R4G7UIS4Z44.jpg?auth=c9d3f7ca1104983774aee1992cf775f692e00b87a330cebd11e120e06bb605f5&amp;width=767\" alt=\"A water bomber drops a load on the Nopiming Provincial Park wildfire EA061 east of Bird River, Manitoba, Canada May 29, 2025.    Manitoba Government\/Handout via REUTERS.     THIS IMAGE HAS BEEN SUPPLIED BY A THIRD PARTY\"\/><figcaption class=\"wp-element-caption\">A water bomber drops a load on the Nopiming Provincial Park wildfire EA061 east of Bird River, Manitoba, Canada May 29, 2025. Manitoba Government\/Handout via REUTERS. THIS IMAGE HAS BEEN SUPPLIED BY A THIRD PARTY<\/figcaption><\/figure>\n\n\n\n<p>El jefe de Gobierno de Saskatchewan,&nbsp;<strong>Scott Moe<\/strong>, inform\u00f3 a la radiotelevisi\u00f3n p\u00fablica canadiense&nbsp;<em>CBC<\/em>&nbsp;sobre la evacuaci\u00f3n de la comunidad ind\u00edgena de Sturgeon Landing, as\u00ed como de otros asentamientos m\u00e1s peque\u00f1os del noroeste de la provincia.<\/p>\n\n\n\n<p>Los habitantes de otra peque\u00f1a comunidad ind\u00edgena, Timber Bay, a unos 270 kil\u00f3metros de la capital provincial, Saskatoon, recibieron este domingo la orden de evacuaci\u00f3n.<\/p>\n\n\n\n<p>En la vecina provincia de Manitoba, donde m\u00e1s de 17.000 personas ya abandonaron sus hogares, contin\u00faa la evacuaci\u00f3n de los \u00faltimos habitantes de comunidades ind\u00edgenas como Cranberry Portage y Mathias Colomb Cree Nation.<\/p>\n\n\n\n<p>Por otra parte, la Agencia de Gesti\u00f3n de Emergencias de la provincia de Alberta inform\u00f3 hoy que 4500 personas fueron evacuadas y centenares m\u00e1s est\u00e1n bajo aviso de que podr\u00edan tener que abandonar sus hogares en las pr\u00f3ximas horas.<\/p>\n\n\n\n<p>El humo creado por los incendios oblig\u00f3 este domingo al Ministerio de Medio Ambiente de Canad\u00e1 a mantener su advertencia sobre la baja calidad del aire, especialmente en la zona septentrional de Alberta, gran parte de la mitad norte de Saskatchewan y partes de Manitoba.<\/p>\n\n\n\n<p>En localidades como Fort McMurray, con 76.000 habitantes, las autoridades canadienses dijeron que respirar el aire este domingo conlleva un \u201celevado riesgo\u201d y recomendaron permanecer en el interior de las viviendas el m\u00e1ximo tiempo posible.<\/p>\n","protected":false},"excerpt":{"rendered":"<p>Hay 146 focos activos. Hay varias comunidades ind\u00edgenas afectadas. Decenas de miles de personas fueron evacuadas, muchas de ellas en remotas comunidades ind\u00edgenas,&nbsp;a causa de una ola de incendios, en&hellip; <\/p>\n","protected":false},"author":6,"featured_media":210578,"comment_status":"closed","ping_status":"open","sticky":false,"template":"","format":"standard","meta":{"footnotes":""},"categories":[11],"tags":[],"class_list":["post-210575","post","type-post","status-publish","format-standard","has-post-thumbnail","hentry","category-internacionales"],"_links":{"self":[{"href":"https:\/\/corrientesdetarde.com\/index.php\/wp-json\/wp\/v2\/posts\/210575","targetHints":{"allow":["GET"]}}],"collection":[{"href":"https:\/\/corrientesdetarde.com\/index.php\/wp-json\/wp\/v2\/posts"}],"about":[{"href":"https:\/\/corrientesdetarde.com\/index.php\/wp-json\/wp\/v2\/types\/post"}],"author":[{"embeddable":true,"href":"https:\/\/corrientesdetarde.com\/index.php\/wp-json\/wp\/v2\/users\/6"}],"replies":[{"embeddable":true,"href":"https:\/\/corrientesdetarde.com\/index.php\/wp-json\/wp\/v2\/comments?post=210575"}],"version-history":[{"count":1,"href":"https:\/\/corrientesdetarde.com\/index.php\/wp-json\/wp\/v2\/posts\/210575\/revisions"}],"predecessor-version":[{"id":210579,"href":"https:\/\/corrientesdetarde.com\/index.php\/wp-json\/wp\/v2\/posts\/210575\/revisions\/210579"}],"wp:featuredmedia":[{"embeddable":true,"href":"https:\/\/corrientesdetarde.com\/index.php\/wp-json\/wp\/v2\/media\/210578"}],"wp:attachment":[{"href":"https:\/\/corrientesdetarde.com\/index.php\/wp-json\/wp\/v2\/media?parent=210575"}],"wp:term":[{"taxonomy":"category","embeddable":true,"href":"https:\/\/corrientesdetarde.com\/index.php\/wp-json\/wp\/v2\/categories?post=210575"},{"taxonomy":"post_tag","embeddable":true,"href":"https:\/\/corrientesdetarde.com\/index.php\/wp-json\/wp\/v2\/tags?post=210575"}],"curies":[{"name":"wp","href":"https:\/\/api.w.org\/{rel}","templated":true}]}}