{"id":210581,"date":"2025-06-01T21:20:00","date_gmt":"2025-06-02T00:20:00","guid":{"rendered":"https:\/\/corrientesdetarde.com\/?p=210581"},"modified":"2025-06-01T20:26:25","modified_gmt":"2025-06-01T23:26:25","slug":"expulsaron-del-pais-a-cinco-extranjeros-con-condenas-por-robos-armas-de-guerra-y-delitos-agravados","status":"publish","type":"post","link":"https:\/\/corrientesdetarde.com\/index.php\/crimen-y-justicia\/expulsaron-del-pais-a-cinco-extranjeros-con-condenas-por-robos-armas-de-guerra-y-delitos-agravados\/","title":{"rendered":"Expulsaron del pa\u00eds a cinco extranjeros con condenas por robos, armas de guerra y delitos agravados."},"content":{"rendered":"\n<h2 class=\"wp-block-heading\">Se trata de un ciudadano colombiano, uno chileno, uno peruano, un paraguayo y un uruguayo.<\/h2>\n\n\n\n<p>Cinco ciudadanos extranjeros con\u00a0<strong>condenas por distintos delitos<\/strong>, incluyendo robos agravados y portaci\u00f3n de armas de guerra, fueron\u00a0<strong>expulsados<\/strong>\u00a0del territorio argentino en un operativo coordinado por la\u00a0<strong>Comisar\u00eda de Asuntos Migratorios<\/strong>\u00a0de la\u00a0<strong>Superintendencia de Investigaciones Federales<\/strong>, con apoyo de la\u00a0<strong>Direcci\u00f3n Nacional de Migraciones<\/strong>\u00a0y fuerzas especiales del Ministerio de Seguridad Nacional.<\/p>\n\n\n\n<p>El procedimiento se conoci\u00f3 en las \u00faltimas horas, pero se concret\u00f3 el&nbsp;<strong>jueves 22 de mayo<\/strong>, seg\u00fan comentaron fuentes del caso; y la medida alcanz\u00f3 a&nbsp;<strong>Jefferson Andr\u00e9s Rojas Pedraza<\/strong>&nbsp;(colombiano),&nbsp;<strong>Danilo C\u00e9sar Abarca Mu\u00f1oz<\/strong>&nbsp;(chileno),&nbsp;<strong>Jhonattan Sa\u00fal Figueroa Rodr\u00edguez<\/strong>&nbsp;(peruano),&nbsp;<strong>Roberto Ca\u00f1ete Caba\u00f1as<\/strong>&nbsp;(paraguayo) y&nbsp;<strong>Paolo Mart\u00edn Vespa Pino<\/strong>&nbsp;(uruguayo).<\/p>\n\n\n\n<p>Cada uno de ellos hab\u00eda sido condenado por delitos que, en todos los casos, implicaron violencia, uso de armas o conductas reiteradas.<\/p>\n\n\n\n<p>El operativo comenz\u00f3 en la&nbsp;<strong>Divisi\u00f3n Alcaid\u00edas Anexo Madariaga<\/strong>, donde fueron retirados los detenidos. Desde all\u00ed, escoltados por&nbsp;<strong>cuatro brigadas completas<\/strong>, fueron trasladados hasta el&nbsp;<strong>Aeroparque Internacional Jorge Newbery<\/strong>, punto de salida del pa\u00eds.<img loading=\"lazy\" decoding=\"async\" alt=\"De campera marr\u00f3n, el quinto\" height=\"1920\" src=\"https:\/\/www.infobae.com\/resizer\/v2\/XE77RO6SYJEEFKCUGNVYLV6ZIM.png?auth=0fc770514161e340f3b0245cea28a3a36c7f47f3e4b09e08ea7bd52b7bd5d546&amp;smart=true&amp;width=350&amp;height=622&amp;quality=85\" width=\"1080\">De campera marr\u00f3n, el quinto condenado expulsado<\/p>\n\n\n\n<p>Los antecedentes penales de los cinco expulsados reflejan una variedad de causas en diferentes jurisdicciones:<\/p>\n\n\n\n<ul class=\"wp-block-list\">\n<li><strong>Rojas Pedraza<\/strong>, de nacionalidad colombiana, pesaba una condena por\u00a0<strong>robo simple en grado de tentativa<\/strong>,\u00a0<strong>asociaci\u00f3n il\u00edcita<\/strong>\u00a0y\u00a0<strong>robo en poblado y en banda<\/strong>, bajo la \u00f3rbita del\u00a0<strong>Juzgado Nacional de Ejecuci\u00f3n Penal N\u00ba 5 de la Ciudad Aut\u00f3noma de Buenos Aires<\/strong>.<\/li>\n\n\n\n<li>El chileno\u00a0<strong>Abarca Mu\u00f1oz<\/strong>\u00a0fue condenado por\u00a0<strong>hurto<\/strong>, seg\u00fan consta en una causa seguida por el\u00a0<strong>Juzgado de Ejecuci\u00f3n N\u00ba 1 de Mor\u00f3n.<\/strong><\/li>\n\n\n\n<li><strong>E<\/strong>l peruano\u00a0<strong>Figueroa Rodr\u00edguez<\/strong>\u00a0cumpl\u00eda condena por\u00a0<strong>robo agravado por el empleo de armas de fuego<\/strong>, conforme a lo dictado por el\u00a0<strong>Juzgado de Ejecuci\u00f3n N\u00ba 1 de La Matanza<\/strong>.<\/li>\n\n\n\n<li>El paraguayo\u00a0<strong>Ca\u00f1ete Caba\u00f1as<\/strong>\u00a0ten\u00eda una causa por\u00a0<strong>portaci\u00f3n ileg\u00edtima de armas de guerra<\/strong>, bajo competencia del\u00a0<strong>Juzgado Contencioso Administrativo Federal N\u00ba 12.<\/strong><\/li>\n\n\n\n<li><strong>E<\/strong>l uruguayo\u00a0<strong>Vespa Pino<\/strong>\u00a0estaba vinculado a una causa por\u00a0<strong>robo agravado por uso de arma de fuego<\/strong>, tramitada en el\u00a0<strong>Juzgado Federal de Rosario N\u00ba 2<\/strong>.<\/li>\n<\/ul>\n\n\n\n<p><img loading=\"lazy\" decoding=\"async\" alt=\"Los expulsados salieron por Aeroparque\" height=\"1920\" src=\"https:\/\/www.infobae.com\/resizer\/v2\/FU3XMVCKZBCZNBERNDJKUBUJFE.png?auth=0318a19e6f0d764084c08d579f45548e5eb021e50d4cbaa179398bebfb5b0ca1&amp;smart=true&amp;width=350&amp;height=622&amp;quality=85\" width=\"1080\">Los expulsados salieron por Aeroparque<\/p>\n\n\n\n<p>La decisi\u00f3n de ejecutar la expulsi\u00f3n se fundament\u00f3, seg\u00fan los documentos internos, en el car\u00e1cter de los delitos cometidos, la condici\u00f3n migratoria de los implicados y la existencia de sentencias judiciales firmes o causas en etapas de ejecuci\u00f3n penal.<\/p>\n\n\n\n<p>El operativo \u2014ejecutado en coordinaci\u00f3n interinstitucional entre la&nbsp;<strong>Polic\u00eda Federal Argentina<\/strong>, la&nbsp;<strong>Direcci\u00f3n Nacional de Migraciones<\/strong>&nbsp;y el&nbsp;<strong>Poder Judicial<\/strong>\u2014 se llev\u00f3 adelante como parte de una pol\u00edtica migratoria que busca, seg\u00fan las autoridades,&nbsp;<strong>\u201creforzar el control sobre los antecedentes penales de ciudadanos extranjeros\u201d<\/strong>&nbsp;y&nbsp;<strong>\u201cproteger el orden y la seguridad p\u00fablica\u201d<\/strong>&nbsp;en el territorio nacional.<\/p>\n\n\n\n<p>La medida se inscribe en el marco de las acciones impulsadas por el&nbsp;<strong>Ministerio de Seguridad de la Naci\u00f3n<\/strong>. En la red social X,&nbsp;<strong>Patricia Bullrich<\/strong>, celebr\u00f3 la ejecuci\u00f3n de la medida. \u201cEl presidente&nbsp;<strong>Javier Milei<\/strong>&nbsp;firm\u00f3 una&nbsp;<strong>reforma migratoria sustancial<\/strong>. En pocas horas ya comenzamos con deportaciones de delincuentes que estaban en la Argentina. Ya est\u00e1n afuera, en sus pa\u00edses\u201d, expres\u00f3. Y agreg\u00f3: \u201c<strong>Ac\u00e1 la gente que quiera venir tiene que ser gente de bien<\/strong>\u201c.<\/p>\n","protected":false},"excerpt":{"rendered":"<p>Se trata de un ciudadano colombiano, uno chileno, uno peruano, un paraguayo y un uruguayo. Cinco ciudadanos extranjeros con\u00a0condenas por distintos delitos, incluyendo robos agravados y portaci\u00f3n de armas de&hellip; <\/p>\n","protected":false},"author":6,"featured_media":210586,"comment_status":"closed","ping_status":"open","sticky":false,"template":"","format":"standard","meta":{"footnotes":""},"categories":[5],"tags":[],"class_list":["post-210581","post","type-post","status-publish","format-standard","has-post-thumbnail","hentry","category-crimen-y-justicia"],"_links":{"self":[{"href":"https:\/\/corrientesdetarde.com\/index.php\/wp-json\/wp\/v2\/posts\/210581","targetHints":{"allow":["GET"]}}],"collection":[{"href":"https:\/\/corrientesdetarde.com\/index.php\/wp-json\/wp\/v2\/posts"}],"about":[{"href":"https:\/\/corrientesdetarde.com\/index.php\/wp-json\/wp\/v2\/types\/post"}],"author":[{"embeddable":true,"href":"https:\/\/corrientesdetarde.com\/index.php\/wp-json\/wp\/v2\/users\/6"}],"replies":[{"embeddable":true,"href":"https:\/\/corrientesdetarde.com\/index.php\/wp-json\/wp\/v2\/comments?post=210581"}],"version-history":[{"count":1,"href":"https:\/\/corrientesdetarde.com\/index.php\/wp-json\/wp\/v2\/posts\/210581\/revisions"}],"predecessor-version":[{"id":210587,"href":"https:\/\/corrientesdetarde.com\/index.php\/wp-json\/wp\/v2\/posts\/210581\/revisions\/210587"}],"wp:featuredmedia":[{"embeddable":true,"href":"https:\/\/corrientesdetarde.com\/index.php\/wp-json\/wp\/v2\/media\/210586"}],"wp:attachment":[{"href":"https:\/\/corrientesdetarde.com\/index.php\/wp-json\/wp\/v2\/media?parent=210581"}],"wp:term":[{"taxonomy":"category","embeddable":true,"href":"https:\/\/corrientesdetarde.com\/index.php\/wp-json\/wp\/v2\/categories?post=210581"},{"taxonomy":"post_tag","embeddable":true,"href":"https:\/\/corrientesdetarde.com\/index.php\/wp-json\/wp\/v2\/tags?post=210581"}],"curies":[{"name":"wp","href":"https:\/\/api.w.org\/{rel}","templated":true}]}}