{"id":210590,"date":"2025-06-01T21:59:00","date_gmt":"2025-06-02T00:59:00","guid":{"rendered":"https:\/\/corrientesdetarde.com\/?p=210590"},"modified":"2025-06-01T20:34:39","modified_gmt":"2025-06-01T23:34:39","slug":"agustin-tapia-y-arturo-coello-se-consagraron-campeones-del-premier-padel-de-buenos-aires","status":"publish","type":"post","link":"https:\/\/corrientesdetarde.com\/index.php\/deportes\/agustin-tapia-y-arturo-coello-se-consagraron-campeones-del-premier-padel-de-buenos-aires\/","title":{"rendered":"Agust\u00edn Tapia y Arturo Coello se consagraron campeones del Premier P\u00e1del de Buenos Aires."},"content":{"rendered":"\n<h2 class=\"wp-block-heading\">La dupla n\u00b01 del mundo retuvo el t\u00edtulo tras vencer a Paquito Navarro y Lucas Bergamini en el estadio Mary Ter\u00e1n de Weiss. El torneo marc\u00f3 r\u00e9cords de asistencia de p\u00fablico.<\/h2>\n\n\n\n<p><strong>Agust\u00edn Tapia<\/strong>\u00a0se consagr\u00f3 en su casa. Junto al espa\u00f1ol<strong>\u00a0Arturo Coello<\/strong>, la mejor dupla del mundo en la actualidad, vencieron 6-2 y 6-2 a Paquito Navarro y Lucas Bergamini en la final del\u00a0<strong>Premier P\u00e1del de Buenos Aires<\/strong>\u00a0y obtuvieron su cuarto t\u00edtulo de la temporada tras Riad, Qatar y Bruselas.<\/p>\n\n\n\n<p>Despu\u00e9s de un inicio parejo en el que llegaron a estar 2-2,&nbsp;<strong>la pareja campeona entabl\u00f3 un rally de cuatro games consecutivos que sentenciaron el primer set<\/strong>. Luego, en el segundo, estiraron la diferencia inicial a un 3-0 que se hizo irreversible m\u00e1s all\u00e1 de cualquier intento de descontar el marcador.<\/p>\n\n\n\n<p>Su \u00faltimo logro en la Argentina hab\u00eda sido en 2023, en el&nbsp;<strong>Premier P\u00e1del de Mendoza<\/strong>, y as\u00ed sumaron una nueva victoria partiendo como favoritos en la definici\u00f3n. De hecho, solo perdieron una final ante una pareja fuera del top-3.<\/p>\n\n\n\n<p>Con cuatro t\u00edtulos en su haber desde que comenz\u00f3 el actual circuito,&nbsp;<strong>Tapia y Coello se sit\u00faan como la pareja m\u00e1s ganadora de la temporada<\/strong>, empatando el registro de Alejandro Gal\u00e1n y Fede Chingotto.<\/p>\n\n\n\n<p>Uno de los datos m\u00e1s sobresalientes que deja el Premier P\u00e1del de Buenos Aires est\u00e1 relacionado al p\u00fablico, que en semifinales<strong>&nbsp;rompi\u00f3 el r\u00e9cord de asistencia con 16.156 espectadores<\/strong>&nbsp;en Parque Roca.<\/p>\n","protected":false},"excerpt":{"rendered":"<p>La dupla n\u00b01 del mundo retuvo el t\u00edtulo tras vencer a Paquito Navarro y Lucas Bergamini en el estadio Mary Ter\u00e1n de Weiss. El torneo marc\u00f3 r\u00e9cords de asistencia de&hellip; <\/p>\n","protected":false},"author":6,"featured_media":210595,"comment_status":"closed","ping_status":"open","sticky":false,"template":"","format":"standard","meta":{"footnotes":""},"categories":[4],"tags":[],"class_list":["post-210590","post","type-post","status-publish","format-standard","has-post-thumbnail","hentry","category-deportes"],"_links":{"self":[{"href":"https:\/\/corrientesdetarde.com\/index.php\/wp-json\/wp\/v2\/posts\/210590","targetHints":{"allow":["GET"]}}],"collection":[{"href":"https:\/\/corrientesdetarde.com\/index.php\/wp-json\/wp\/v2\/posts"}],"about":[{"href":"https:\/\/corrientesdetarde.com\/index.php\/wp-json\/wp\/v2\/types\/post"}],"author":[{"embeddable":true,"href":"https:\/\/corrientesdetarde.com\/index.php\/wp-json\/wp\/v2\/users\/6"}],"replies":[{"embeddable":true,"href":"https:\/\/corrientesdetarde.com\/index.php\/wp-json\/wp\/v2\/comments?post=210590"}],"version-history":[{"count":1,"href":"https:\/\/corrientesdetarde.com\/index.php\/wp-json\/wp\/v2\/posts\/210590\/revisions"}],"predecessor-version":[{"id":210596,"href":"https:\/\/corrientesdetarde.com\/index.php\/wp-json\/wp\/v2\/posts\/210590\/revisions\/210596"}],"wp:featuredmedia":[{"embeddable":true,"href":"https:\/\/corrientesdetarde.com\/index.php\/wp-json\/wp\/v2\/media\/210595"}],"wp:attachment":[{"href":"https:\/\/corrientesdetarde.com\/index.php\/wp-json\/wp\/v2\/media?parent=210590"}],"wp:term":[{"taxonomy":"category","embeddable":true,"href":"https:\/\/corrientesdetarde.com\/index.php\/wp-json\/wp\/v2\/categories?post=210590"},{"taxonomy":"post_tag","embeddable":true,"href":"https:\/\/corrientesdetarde.com\/index.php\/wp-json\/wp\/v2\/tags?post=210590"}],"curies":[{"name":"wp","href":"https:\/\/api.w.org\/{rel}","templated":true}]}}