{"id":210591,"date":"2025-06-01T21:40:00","date_gmt":"2025-06-02T00:40:00","guid":{"rendered":"https:\/\/corrientesdetarde.com\/?p=210591"},"modified":"2025-06-01T20:33:12","modified_gmt":"2025-06-01T23:33:12","slug":"la-china-suarez-y-mauro-icardi-se-mostraron-en-un-yate-en-ibiza","status":"publish","type":"post","link":"https:\/\/corrientesdetarde.com\/index.php\/espectaculos\/la-china-suarez-y-mauro-icardi-se-mostraron-en-un-yate-en-ibiza\/","title":{"rendered":"La China Su\u00e1rez y Mauro Icardi se mostraron en un yate en Ibiza."},"content":{"rendered":"\n<h2 class=\"wp-block-heading\">La pareja disfruta del verano europeo y de las playas de Ibiza, Espa\u00f1a.<\/h2>\n\n\n\n<p>La\u00a0<strong>China Su\u00e1rez<\/strong>\u00a0y <strong>Mauro Icardi<\/strong> se mostraron\u00a0<strong>muy apasionados en un video, pero un detalle gener\u00f3 pol\u00e9mica\u00a0<\/strong>entre los usuarios de\u00a0<em>Instagram<\/em>.<\/p>\n\n\n\n<p>Desde que blanquearon su romance, la pareja expone el minuto a minuto de su relaci\u00f3n y este domingo no fue la excepci\u00f3n.<\/p>\n\n\n\n<figure class=\"wp-block-image size-large\"><img loading=\"lazy\" decoding=\"async\" width=\"1024\" height=\"740\" src=\"https:\/\/corrientesdetarde.com\/wp-content\/uploads\/2025\/06\/image-38-1024x740.png\" alt=\"\" class=\"wp-image-210593\" srcset=\"https:\/\/corrientesdetarde.com\/wp-content\/uploads\/2025\/06\/image-38-1024x740.png 1024w, https:\/\/corrientesdetarde.com\/wp-content\/uploads\/2025\/06\/image-38-300x217.png 300w, https:\/\/corrientesdetarde.com\/wp-content\/uploads\/2025\/06\/image-38-768x555.png 768w, https:\/\/corrientesdetarde.com\/wp-content\/uploads\/2025\/06\/image-38.png 1440w\" sizes=\"auto, (max-width: 1024px) 100vw, 1024px\" \/><\/figure>\n\n\n\n<p>En una publicaci\u00f3n se dejaron ver disfrutando del<strong>&nbsp;verano europeo y de las playas de Ibiza, Espa\u00f1a, en una embarcaci\u00f3n.<\/strong><\/p>\n\n\n\n<p>Junto a un carrusel de fotos, donde se dejaron ver c\u00f3mplices y enamorados, compartieron&nbsp;<strong>una grabaci\u00f3n de 20 segundos en la que la actriz aparece recostada y el futbolista encima de ella bes\u00e1ndola y abraz\u00e1ndola.<\/strong><\/p>\n\n\n\n<figure class=\"wp-block-image\"><img decoding=\"async\" src=\"https:\/\/tn.com.ar\/resizer\/v2\/la-china-suarez-y-mauro-icardi-se-mostraron-muy-apasionados-en-un-video-pero-un-detalle-genero-polemica-foto-instagram-chismesdeker-LHATDV2DTBAPJMZ72OJ77A3Q7Y.png?auth=fafeb0a2e0834b69986755da230471626c414b71c490365555a48e2b67c9abf7&amp;width=767\" alt=\"La China Su\u00e1rez y Mauro Icardi se mostraron muy apasionados en un video, pero un detalle gener\u00f3 pol\u00e9mica (Foto: Instagram \/chismesdeker)\"\/><figcaption class=\"wp-element-caption\">La China Su\u00e1rez y Mauro Icardi se mostraron muy apasionados en un video, pero un detalle gener\u00f3 pol\u00e9mica (Foto: Instagram \/chismesdeker)<\/figcaption><\/figure>\n\n\n\n<p>Mientras muchos usuarios opinaron que se ven \u201cenamorados\u201d, \u201cperfectos\u201d y \u201chermosos\u201d, otros repararon en un detalle:&nbsp;<strong>en el lugar se escucha a los hijos de la artista.<\/strong><\/p>\n\n\n\n<h2 class=\"wp-block-heading\">La China Su\u00e1rez y Mauro Icardi estuvieron en un festival de cine en Ibiza y un detalle llam\u00f3 la atenci\u00f3n<\/h2>\n\n\n\n<p>La&nbsp;<strong>China Su\u00e1rez<\/strong>&nbsp;y&nbsp;<strong>Mauro Icardi<\/strong>&nbsp;fueron al&nbsp;<em><strong>Ray of Light Awards<\/strong><\/em>&nbsp;<em>(ROLA<\/em>), un festival de cine, televisi\u00f3n y contenido web organizado en&nbsp;<strong>Ibiza<\/strong>. Cuando posaron ante las c\u00e1maras, hubo&nbsp;<strong>algo que caus\u00f3 revuelo<\/strong>.<\/p>\n\n\n\n<p>La organizaci\u00f3n&nbsp;<strong>no dispuso una alfombra roja<\/strong>&nbsp;<strong>en el lugar<\/strong>&nbsp;para que los invitados y cineastas se dejaran fotografiar. Por el contrario, el suelo qued\u00f3 al descubierto. Esto gener\u00f3 cr\u00edticas en las redes sociales. Lo normal, en esta clase de eventos, es que haya una alfombra roja (y en ocasiones de otro color) para dar elegancia a las im\u00e1genes.<\/p>\n\n\n\n<figure class=\"wp-block-image\"><img decoding=\"async\" src=\"https:\/\/tn.com.ar\/resizer\/v2\/la-china-suarez-y-mauro-icardi-en-el-festival-ray-of-light-awards-de-ibiza-foto-instagramrayoflightawards-GWBXJ4TYJZCFPGHAH65LSTO6BQ.png?auth=a9148eb5f1d43d02cf873c85484734c168fff7508028149c045832b874e309bf&amp;width=767\" alt=\"La China Su\u00e1rez y Mauro Icardi, en el Festival Ray of Light Awards de Ibiza. (Foto: Instagram\/@RayofLightAwards)\"\/><figcaption class=\"wp-element-caption\">La China Su\u00e1rez y Mauro Icardi, en el Festival Ray of Light Awards de Ibiza. (Foto: Instagram\/@RayofLightAwards)<\/figcaption><\/figure>\n\n\n\n<p>Tras posar durante unos instantes solos, la China e Icardi fueron acompa\u00f1ados por distintas personalidades invitadas al festival.<\/p>\n\n\n\n<p>Durante todo el d\u00eda, la actriz us\u00f3 sus redes sociales para mostrar fotos de su llegada a Ibiza. Uno de los posteos se lo<strong>&nbsp;dedic\u00f3 por completo a Icardi<\/strong>.<\/p>\n\n\n\n<figure class=\"wp-block-image\"><img decoding=\"async\" src=\"https:\/\/tn.com.ar\/resizer\/v2\/la-historia-que-la-china-suarez-le-dedico-a-mauro-icardi-en-el-medio-del-festival-ray-of-light-awards-rola-en-ibiza-foto-instagramsangrejaponesa-UOKJ2L4MNRFSNDVCRFN7K7W474.png?auth=588e2d24721d3e390cced85acc35b5f1ea6b9a982b57a50c91e2aea7917196e5&amp;width=767\" alt=\"La historia que la China Su\u00e1rez le dedic\u00f3 a Mauro Icardi, en el medio del festival Ray of Light Awards (ROLA) en Ibiza. (Foto: Instagram\/@sangrejaponesa)\"\/><figcaption class=\"wp-element-caption\">La historia que la China Su\u00e1rez le dedic\u00f3 a Mauro Icardi, en el medio del festival Ray of Light Awards (ROLA) en Ibiza. (Foto: Instagram\/@sangrejaponesa)<\/figcaption><\/figure>\n\n\n\n<p>El futbolista aparece en una foto en blanco y negro, mientras mira hacia adelante. La imagen fue acompa\u00f1ada por un mensaje de la China: \u201c<strong>Dios m\u00edo, lo que yo te amo<\/strong>\u201d. Esta aparici\u00f3n se produjo luego de que, durante la semana, asistieran a distintos eventos relacionados con el campeonato del&nbsp;<strong>Galatasaray<\/strong>, el club del futbolista, en la liga turca.<\/p>\n\n\n\n<p>Las distintas muestras de amor y las apariciones p\u00fablicas de ambos se enmarcan en un momento en el que Icardi tuvo, el mi\u00e9rcoles 28 de mayo, la primera audiencia presencial por\u00a0su divorcio de\u00a0<strong>Wanda Nara<\/strong>.<\/p>\n","protected":false},"excerpt":{"rendered":"<p>La pareja disfruta del verano europeo y de las playas de Ibiza, Espa\u00f1a. La\u00a0China Su\u00e1rez\u00a0y Mauro Icardi se mostraron\u00a0muy apasionados en un video, pero un detalle gener\u00f3 pol\u00e9mica\u00a0entre los usuarios&hellip; <\/p>\n","protected":false},"author":6,"featured_media":210592,"comment_status":"closed","ping_status":"open","sticky":false,"template":"","format":"standard","meta":{"footnotes":""},"categories":[19],"tags":[],"class_list":["post-210591","post","type-post","status-publish","format-standard","has-post-thumbnail","hentry","category-espectaculos"],"_links":{"self":[{"href":"https:\/\/corrientesdetarde.com\/index.php\/wp-json\/wp\/v2\/posts\/210591","targetHints":{"allow":["GET"]}}],"collection":[{"href":"https:\/\/corrientesdetarde.com\/index.php\/wp-json\/wp\/v2\/posts"}],"about":[{"href":"https:\/\/corrientesdetarde.com\/index.php\/wp-json\/wp\/v2\/types\/post"}],"author":[{"embeddable":true,"href":"https:\/\/corrientesdetarde.com\/index.php\/wp-json\/wp\/v2\/users\/6"}],"replies":[{"embeddable":true,"href":"https:\/\/corrientesdetarde.com\/index.php\/wp-json\/wp\/v2\/comments?post=210591"}],"version-history":[{"count":1,"href":"https:\/\/corrientesdetarde.com\/index.php\/wp-json\/wp\/v2\/posts\/210591\/revisions"}],"predecessor-version":[{"id":210594,"href":"https:\/\/corrientesdetarde.com\/index.php\/wp-json\/wp\/v2\/posts\/210591\/revisions\/210594"}],"wp:featuredmedia":[{"embeddable":true,"href":"https:\/\/corrientesdetarde.com\/index.php\/wp-json\/wp\/v2\/media\/210592"}],"wp:attachment":[{"href":"https:\/\/corrientesdetarde.com\/index.php\/wp-json\/wp\/v2\/media?parent=210591"}],"wp:term":[{"taxonomy":"category","embeddable":true,"href":"https:\/\/corrientesdetarde.com\/index.php\/wp-json\/wp\/v2\/categories?post=210591"},{"taxonomy":"post_tag","embeddable":true,"href":"https:\/\/corrientesdetarde.com\/index.php\/wp-json\/wp\/v2\/tags?post=210591"}],"curies":[{"name":"wp","href":"https:\/\/api.w.org\/{rel}","templated":true}]}}