{"id":210613,"date":"2025-06-02T08:48:39","date_gmt":"2025-06-02T11:48:39","guid":{"rendered":"https:\/\/corrientesdetarde.com\/?p=210613"},"modified":"2025-06-02T08:48:43","modified_gmt":"2025-06-02T11:48:43","slug":"valdes-entregara-nuevas-camionetas-para-la-policia-de-corrientes","status":"publish","type":"post","link":"https:\/\/corrientesdetarde.com\/index.php\/sociales\/valdes-entregara-nuevas-camionetas-para-la-policia-de-corrientes\/","title":{"rendered":"Vald\u00e9s entregar\u00e1 nuevas camionetas para la Polic\u00eda de Corrientes"},"content":{"rendered":"\n<p>El gobernador&nbsp;de Corrientes, Gustavo Vald\u00e9s entregar\u00e1&nbsp;nuevas camionetas para la Polic\u00eda de Corrientes con el fin de reforzar la seguridad en la provincia correntina.&nbsp;<\/p>\n\n\n\n<p>El acto ser\u00e1 este lunes, a las 11, en la Costanera Sur de la capital correntina, donde el mandatario har\u00e1 la segunda entrega del a\u00f1o.&nbsp;<\/p>\n\n\n\n<p>Vale recordar que, en abril del 2025, el Gobernador entreg\u00f3&nbsp;2 lanchas y 98 camionetas Ford Ranger equipadas con tracci\u00f3n 4&#215;4 y 4&#215;2,&nbsp;destinados a mejorar la cobertura de patrullaje y la capacidad de respuesta de la fuerza.&nbsp;<\/p>\n\n\n\n<p>En este marco, el mandatario hab\u00eda destacado que&nbsp;&#8220;Tenemos que construir juntos un sistema de seguridad. La ciudadan\u00eda&nbsp;es la raz\u00f3n de ser del gobierno de Corrientes. Queremos que cuando se llame al 911, realmente est\u00e9 la presencia policial y que sigan trabajando.&nbsp;Queremos tener respaldo de las fuerzas de seguridad y seguir mejorando&#8221;.<\/p>\n\n\n\n<p>Posterior a la entrega de camionetas, el Gobernador se trasladar\u00e1 hasta la localidad de Bella Vista, donde&nbsp;&nbsp;las 15.30, realizar\u00e1 lo entrega de&nbsp;notebooks del Programa Incluir Futuro, en la Escuela Normal de Bella Vista.<\/p>\n\n\n\n<p>Seguidamente, en la misma ciudad entregar\u00e1 viviendas del Instituto de Vivienda de Corrientes (INVICO) en la zona sur, a las 17 horas; y 18.30 inaugurar\u00e1 vestuarios, ba\u00f1os y juegos del Polideportivo municipal. Todo esto en la antesala del Bicentenario de dicha localidad, que se celebrar\u00e1 este martes 3 de junio.<\/p>\n","protected":false},"excerpt":{"rendered":"<p>El gobernador&nbsp;de Corrientes, Gustavo Vald\u00e9s entregar\u00e1&nbsp;nuevas camionetas para la Polic\u00eda de Corrientes con el fin de reforzar la seguridad en la provincia correntina.&nbsp; El acto ser\u00e1 este lunes, a las&hellip; <\/p>\n","protected":false},"author":1,"featured_media":137125,"comment_status":"closed","ping_status":"open","sticky":false,"template":"","format":"standard","meta":{"footnotes":""},"categories":[33,17],"tags":[],"class_list":["post-210613","post","type-post","status-publish","format-standard","has-post-thumbnail","hentry","category-policiales","category-sociales"],"_links":{"self":[{"href":"https:\/\/corrientesdetarde.com\/index.php\/wp-json\/wp\/v2\/posts\/210613","targetHints":{"allow":["GET"]}}],"collection":[{"href":"https:\/\/corrientesdetarde.com\/index.php\/wp-json\/wp\/v2\/posts"}],"about":[{"href":"https:\/\/corrientesdetarde.com\/index.php\/wp-json\/wp\/v2\/types\/post"}],"author":[{"embeddable":true,"href":"https:\/\/corrientesdetarde.com\/index.php\/wp-json\/wp\/v2\/users\/1"}],"replies":[{"embeddable":true,"href":"https:\/\/corrientesdetarde.com\/index.php\/wp-json\/wp\/v2\/comments?post=210613"}],"version-history":[{"count":1,"href":"https:\/\/corrientesdetarde.com\/index.php\/wp-json\/wp\/v2\/posts\/210613\/revisions"}],"predecessor-version":[{"id":210616,"href":"https:\/\/corrientesdetarde.com\/index.php\/wp-json\/wp\/v2\/posts\/210613\/revisions\/210616"}],"wp:featuredmedia":[{"embeddable":true,"href":"https:\/\/corrientesdetarde.com\/index.php\/wp-json\/wp\/v2\/media\/137125"}],"wp:attachment":[{"href":"https:\/\/corrientesdetarde.com\/index.php\/wp-json\/wp\/v2\/media?parent=210613"}],"wp:term":[{"taxonomy":"category","embeddable":true,"href":"https:\/\/corrientesdetarde.com\/index.php\/wp-json\/wp\/v2\/categories?post=210613"},{"taxonomy":"post_tag","embeddable":true,"href":"https:\/\/corrientesdetarde.com\/index.php\/wp-json\/wp\/v2\/tags?post=210613"}],"curies":[{"name":"wp","href":"https:\/\/api.w.org\/{rel}","templated":true}]}}