{"id":210617,"date":"2025-06-02T08:59:58","date_gmt":"2025-06-02T11:59:58","guid":{"rendered":"https:\/\/corrientesdetarde.com\/?p=210617"},"modified":"2025-06-02T09:00:02","modified_gmt":"2025-06-02T12:00:02","slug":"por-que-los-atardeceres-son-naranjas","status":"publish","type":"post","link":"https:\/\/corrientesdetarde.com\/index.php\/informacion-general\/por-que-los-atardeceres-son-naranjas\/","title":{"rendered":"\u00bfPor qu\u00e9 los atardeceres son naranjas?"},"content":{"rendered":"\n<p>El momento en que el sol comienza a esconderse en el horizonte es uno de los m\u00e1s esperados del d\u00eda. Es cuando el cielo se ti\u00f1e de tonos c\u00e1lidos, como el rojo, el rosa y, sobre todo, el naranja. Pero\u2026 \u00bfalguna vez te preguntaste por qu\u00e9 los\u00a0<strong>atardeceres son naranjas<\/strong>?<\/p>\n\n\n\n<p><\/p>\n\n\n\n<p><\/p>\n\n\n\n<p>Aunque parezca una escena sacada de una postal o una pel\u00edcula, la explicaci\u00f3n est\u00e1 en la ciencia. Los colores que vemos en el cielo dependen de c\u00f3mo la luz del sol interact\u00faa con la atm\u00f3sfera terrestre.<\/p>\n\n\n\n<h4 class=\"wp-block-heading\">Datos curiosos sobre los atardeceres naranjas:<\/h4>\n\n\n\n<ul class=\"wp-block-list\">\n<li>La dispersi\u00f3n de Rayleigh fue descubierta por el f\u00edsico\u00a0<strong>Lord Rayleigh<\/strong>\u00a0en el siglo XIX.<\/li>\n\n\n\n<li>El fen\u00f3meno ocurre a diario, pero se percibe mejor en d\u00edas secos o despu\u00e9s de una lluvia.<\/li>\n\n\n\n<li>En lugares con baja contaminaci\u00f3n, los colores del cielo suelen ser m\u00e1s suaves.<\/li>\n<\/ul>\n\n\n\n<h2 class=\"wp-block-heading\">La luz, el aire y el color: el secreto de los atardeceres naranjas<\/h2>\n\n\n\n<p><strong>La luz solar parece blanca, pero en realidad est\u00e1 compuesta por todos los colores del arco\u00edris<\/strong>. Cuando esta luz entra en la atm\u00f3sfera, choca con part\u00edculas como polvo, vapor de agua y mol\u00e9culas de gas. Este fen\u00f3meno se llama&nbsp;<strong>dispersi\u00f3n de Rayleigh<\/strong>.<\/p>\n\n\n\n<figure class=\"wp-block-image\"><img decoding=\"async\" src=\"https:\/\/billiken.lat\/wp-content\/uploads\/2025\/05\/cuerpo-2025-05-19T155812.019.jpg\" alt=\"Atardeceres naranjas\" class=\"wp-image-110206\"\/><\/figure>\n\n\n\n<p><strong>Durante el d\u00eda, cuando el sol est\u00e1 en lo alto, su luz recorre un camino m\u00e1s corto y se dispersan los colores de onda corta<\/strong>, como el azul. Por eso el cielo es azul.<\/p>\n\n\n\n<p>En cambio,&nbsp;<strong>cuando el sol est\u00e1 cerca del horizonte, su luz debe atravesar una mayor porci\u00f3n de la atm\u00f3sfera.&nbsp;<\/strong>En ese recorrido m\u00e1s largo,<strong>&nbsp;los colores de onda corta se dispersan a\u00fan m\u00e1s y desaparecen de nuestra vista<\/strong>. Solo quedan los colores de onda larga, como el&nbsp;<strong>rojo, naranja y amarillo<\/strong>, que son los que finalmente llegan a nuestros ojos.<\/p>\n\n\n\n<h2 class=\"wp-block-heading\">Factores que intensifican los colores del atardecer<\/h2>\n\n\n\n<p>A veces, los atardeceres se ven m\u00e1s intensos, brillantes o incluso rojos. Esto puede deberse a factores como la&nbsp;<strong>presencia de polvo en el aire<\/strong>, part\u00edculas de&nbsp;<strong>contaminaci\u00f3n<\/strong>, o incluso cenizas volc\u00e1nicas que potencian la dispersi\u00f3n de los colores m\u00e1s c\u00e1lidos.<\/p>\n\n\n\n<p><strong>En Marte, por ejemplo, sucede lo contrario: debido a su atm\u00f3sfera llena de polvo fino, los atardeceres son azules<\/strong>, como detall\u00f3 la&nbsp;<strong><a href=\"https:\/\/www.nasa.gov\/es\/\" target=\"_blank\" rel=\"noreferrer noopener\">NASA<\/a><\/strong>&nbsp;en varias misiones del rover Curiosity.<\/p>\n","protected":false},"excerpt":{"rendered":"<p>El momento en que el sol comienza a esconderse en el horizonte es uno de los m\u00e1s esperados del d\u00eda. Es cuando el cielo se ti\u00f1e de tonos c\u00e1lidos, como&hellip; <\/p>\n","protected":false},"author":1,"featured_media":210627,"comment_status":"closed","ping_status":"open","sticky":false,"template":"","format":"standard","meta":{"footnotes":""},"categories":[1],"tags":[],"class_list":["post-210617","post","type-post","status-publish","format-standard","has-post-thumbnail","hentry","category-informacion-general"],"_links":{"self":[{"href":"https:\/\/corrientesdetarde.com\/index.php\/wp-json\/wp\/v2\/posts\/210617","targetHints":{"allow":["GET"]}}],"collection":[{"href":"https:\/\/corrientesdetarde.com\/index.php\/wp-json\/wp\/v2\/posts"}],"about":[{"href":"https:\/\/corrientesdetarde.com\/index.php\/wp-json\/wp\/v2\/types\/post"}],"author":[{"embeddable":true,"href":"https:\/\/corrientesdetarde.com\/index.php\/wp-json\/wp\/v2\/users\/1"}],"replies":[{"embeddable":true,"href":"https:\/\/corrientesdetarde.com\/index.php\/wp-json\/wp\/v2\/comments?post=210617"}],"version-history":[{"count":1,"href":"https:\/\/corrientesdetarde.com\/index.php\/wp-json\/wp\/v2\/posts\/210617\/revisions"}],"predecessor-version":[{"id":210628,"href":"https:\/\/corrientesdetarde.com\/index.php\/wp-json\/wp\/v2\/posts\/210617\/revisions\/210628"}],"wp:featuredmedia":[{"embeddable":true,"href":"https:\/\/corrientesdetarde.com\/index.php\/wp-json\/wp\/v2\/media\/210627"}],"wp:attachment":[{"href":"https:\/\/corrientesdetarde.com\/index.php\/wp-json\/wp\/v2\/media?parent=210617"}],"wp:term":[{"taxonomy":"category","embeddable":true,"href":"https:\/\/corrientesdetarde.com\/index.php\/wp-json\/wp\/v2\/categories?post=210617"},{"taxonomy":"post_tag","embeddable":true,"href":"https:\/\/corrientesdetarde.com\/index.php\/wp-json\/wp\/v2\/tags?post=210617"}],"curies":[{"name":"wp","href":"https:\/\/api.w.org\/{rel}","templated":true}]}}