{"id":210623,"date":"2025-06-02T08:55:56","date_gmt":"2025-06-02T11:55:56","guid":{"rendered":"https:\/\/corrientesdetarde.com\/?p=210623"},"modified":"2025-06-02T08:56:00","modified_gmt":"2025-06-02T11:56:00","slug":"efemerides-del-2-de-junio","status":"publish","type":"post","link":"https:\/\/corrientesdetarde.com\/index.php\/informacion-general\/efemerides-del-2-de-junio\/","title":{"rendered":"Efem\u00e9rides del 2 de junio"},"content":{"rendered":"\n<p>Cada 2 de junio se celebran y conmemoran fechas que marcaron un antes y un despu\u00e9s tanto en Argentina como en el mundo.<\/p>\n\n\n\n<p><\/p>\n\n\n\n<p><strong>1758<\/strong>&nbsp;&#8211;&nbsp;<strong>JUAN JOS\u00c9 PASO<\/strong>. Nace en la actual provincia de Buenos Aires el doctor en jurisprudencia y pol\u00edtico Juan Jos\u00e9 Paso, orador decisivo en el Cabildo abierto que desemboc\u00f3 en la destituci\u00f3n del virrey Baltasar de Cisneros y la instauraci\u00f3n de la Primera Junta de Gobierno Provisional del Virreinato del R\u00edo de la Plata, de la que fue miembro.<br>Tambi\u00e9n form\u00f3 parte del Primer Triunvirato, en 1811.<\/p>\n\n\n\n<p><strong>1884<\/strong>&nbsp;<strong>&#8211; BOMBEROS DE LA BOCA<\/strong>. En el barrio porte\u00f1o de La Boca se crea el primer cuerpo de bomberos voluntarios del pa\u00eds. En conmemoraci\u00f3n de ese hito hist\u00f3rico, el 2 de junio se celebra el D\u00eda Nacional del Bombero Voluntario.<\/p>\n\n\n\n<p><strong>1933<\/strong>&nbsp;&#8211;&nbsp;<strong>HORACIO FERRER<\/strong>. Nace en Montevideo el escritor, compositor y poeta uruguayo nacionalizado argentino Horacio Ferrer, autor de la letra de m\u00e1s de doscientas canciones, entre ellas las de los tangos \u201cBalada para un loco\u201d y \u201cChiquil\u00edn de Bach\u00edn\u201d. Fue presidente de la Academia Nacional del Tango.<\/p>\n\n\n\n<p><strong>1941<\/strong>&nbsp;&#8211;<strong>&nbsp;CHARLIE WATTS.&nbsp;<\/strong>Nace en Londres el m\u00fasico brit\u00e1nico Charles Robert &#8220;Charlie&#8221; Watts, legendario baterista de The Rolling Stones. Como solista edit\u00f3 diez discos de jazz. Comenz\u00f3 a tocar la bater\u00eda en clubes londinenses donde conoci\u00f3 a Brian Jones, Mick Jagger y Keith Richards, sus compa\u00f1eros en la banda brit\u00e1nica de rock.<\/p>\n\n\n\n<p><strong>1979<\/strong>&nbsp;&#8211;<strong>&nbsp;DIEGO A. MARADONA<\/strong>. El delantero Diego Maradona marca el primero de los 34 goles que convirti\u00f3 con la camiseta de la selecci\u00f3n argentina, de la que fue su capit\u00e1n en los mundiales de M\u00e9xico \u201886 e Italia \u201891. Su primer gol \u201calbiceleste\u201d lo marc\u00f3 en el triunfo ante Escocia por 3 a 1 en un amistoso jugado en la ciudad de Glasgow.<\/p>\n\n\n\n<figure class=\"wp-block-image\"><img decoding=\"async\" src=\"https:\/\/billiken.lat\/wp-content\/uploads\/2024\/05\/cuerpo-17-10.jpg\" alt=\"2 de junio - Maradona\" class=\"wp-image-85587\"\/><\/figure>\n\n\n\n<p><strong>1988<\/strong>&nbsp;<strong>&#8211; SERGIO AG\u00dcERO.&nbsp;<\/strong>Nace en Buenos Aires el delantero Sergio Ag\u00fcero, quien a la edad de 15 a\u00f1os y 35 d\u00edas se convirti\u00f3 en el jugador m\u00e1s joven en debutar en la Primera Divisi\u00f3n del f\u00fatbol argentino. Con 260 goles es el m\u00e1ximo goleador hist\u00f3rico del Manchester City ingl\u00e9s. Con la selecci\u00f3n argentina sub 20 gan\u00f3 los mundiales de Pa\u00edses Bajos 2005 y Canad\u00e1 2007.<\/p>\n\n\n\n<p><strong>2007<\/strong>&nbsp;<strong>&#8211; LAURA PAUSINI<\/strong>. La cantautora italiana Laura Pausini se convierte en la primera mujer en realizar un concierto en el estadio Giuseppe Meazza de la ciudad de Mil\u00e1n. Al recital de Pausini asistieron 71.000 espectadores.<\/p>\n\n\n\n<p><strong>2015<\/strong>&nbsp;&#8211;&nbsp;<strong>JOSEPH BLATTER<\/strong>. El dirigente suizo Joseph Blatter renuncia a la presidencia de la Federaci\u00f3n Internacional de Asociaciones de F\u00fatbol (FIFA) cuatro d\u00edas despu\u00e9s de haber sido reelegido por cuarta vez consecutiva a pesar de ser sospechoso de corrupci\u00f3n. Poco antes, agentes de la Polic\u00eda suiza y del FBI hab\u00edan detenido en Z\u00farich a directivos de la FIFA y empresarios del f\u00fatbol acusados de pagar sobornos.<\/p>\n\n\n\n<p><strong>2025<\/strong>&nbsp;&#8211;<strong>&nbsp;D\u00cdA DEL PERRO<\/strong>. Se celebra el D\u00eda Nacional del Perro en homenaje a Chonino, el ovejero alem\u00e1n de la Polic\u00eda Federal muerto el 2 de junio de 1983 al defender a su amo herido en un tiroteo con delincuentes. Chonino muri\u00f3 baleado y ten\u00eda en su boca un trozo de bolsillo que conten\u00eda documentos de los delincuentes, que luego fueron detenidos<\/p>\n","protected":false},"excerpt":{"rendered":"<p>Cada 2 de junio se celebran y conmemoran fechas que marcaron un antes y un despu\u00e9s tanto en Argentina como en el mundo. 1758&nbsp;&#8211;&nbsp;JUAN JOS\u00c9 PASO. Nace en la actual&hellip; <\/p>\n","protected":false},"author":1,"featured_media":210624,"comment_status":"closed","ping_status":"open","sticky":false,"template":"","format":"standard","meta":{"footnotes":""},"categories":[1],"tags":[],"class_list":["post-210623","post","type-post","status-publish","format-standard","has-post-thumbnail","hentry","category-informacion-general"],"_links":{"self":[{"href":"https:\/\/corrientesdetarde.com\/index.php\/wp-json\/wp\/v2\/posts\/210623","targetHints":{"allow":["GET"]}}],"collection":[{"href":"https:\/\/corrientesdetarde.com\/index.php\/wp-json\/wp\/v2\/posts"}],"about":[{"href":"https:\/\/corrientesdetarde.com\/index.php\/wp-json\/wp\/v2\/types\/post"}],"author":[{"embeddable":true,"href":"https:\/\/corrientesdetarde.com\/index.php\/wp-json\/wp\/v2\/users\/1"}],"replies":[{"embeddable":true,"href":"https:\/\/corrientesdetarde.com\/index.php\/wp-json\/wp\/v2\/comments?post=210623"}],"version-history":[{"count":1,"href":"https:\/\/corrientesdetarde.com\/index.php\/wp-json\/wp\/v2\/posts\/210623\/revisions"}],"predecessor-version":[{"id":210625,"href":"https:\/\/corrientesdetarde.com\/index.php\/wp-json\/wp\/v2\/posts\/210623\/revisions\/210625"}],"wp:featuredmedia":[{"embeddable":true,"href":"https:\/\/corrientesdetarde.com\/index.php\/wp-json\/wp\/v2\/media\/210624"}],"wp:attachment":[{"href":"https:\/\/corrientesdetarde.com\/index.php\/wp-json\/wp\/v2\/media?parent=210623"}],"wp:term":[{"taxonomy":"category","embeddable":true,"href":"https:\/\/corrientesdetarde.com\/index.php\/wp-json\/wp\/v2\/categories?post=210623"},{"taxonomy":"post_tag","embeddable":true,"href":"https:\/\/corrientesdetarde.com\/index.php\/wp-json\/wp\/v2\/tags?post=210623"}],"curies":[{"name":"wp","href":"https:\/\/api.w.org\/{rel}","templated":true}]}}