{"id":210630,"date":"2025-06-02T09:54:52","date_gmt":"2025-06-02T12:54:52","guid":{"rendered":"https:\/\/corrientesdetarde.com\/?p=210630"},"modified":"2025-06-02T09:54:55","modified_gmt":"2025-06-02T12:54:55","slug":"caso-loan-para-el-fiscal-schaefer-el-juicio-sera-para-fin-de-ano-o-antes","status":"publish","type":"post","link":"https:\/\/corrientesdetarde.com\/index.php\/crimen-y-justicia\/caso-loan-para-el-fiscal-schaefer-el-juicio-sera-para-fin-de-ano-o-antes\/","title":{"rendered":"Caso Loan: para el fiscal Schaefer el juicio ser\u00e1 \u201cpara fin de a\u00f1o o antes\u201d"},"content":{"rendered":"\n<p>A casi un a\u00f1o de la desaparici\u00f3n de Loan Pe\u00f1a en Corrientes,&nbsp;<strong>confirmaron que el juicio oral contra los siete detenidos podr\u00eda comenzar antes de diciembre y que la b\u00fasqueda sigue activa.<\/strong><\/p>\n\n\n\n<p><strong>El fiscal Adolfo Schaefer,&nbsp;<\/strong>que interviene en la causa que investiga la desaparici\u00f3n del ni\u00f1o de 5 a\u00f1os, habl\u00f3 en C5N sobre los pormenores de la causa: \u201c<strong>Imagino que para fin de a\u00f1o, o antes, estar\u00edamos haciendo el juicio oral<\/strong>. Va a ser largo, de tres o m\u00e1s meses&#8221;, adelant\u00f3.<\/p>\n\n\n\n<p>&#8220;<strong>Est\u00e1 comprobado que Carlos P\u00e9rez y Mar\u00eda Victoria Caillava son quienes subieron al nene en su camioneta<\/strong>, lo sustrajeron del lugar del hecho. Lo constatan las pruebas de los perros de que Loan nunca hab\u00eda salido de la zona cero&#8221;, detall\u00f3<\/p>\n\n\n\n<p>Y describi\u00f3: \u201cDespu\u00e9s incluso&nbsp;<strong>se hizo una prueba de ADN de una sangre que estaba en la camioneta y que dio positivo de una persona masculina<\/strong>, no se pudo determinar si es de Loan por la escasa cantidad. Se le pide explicaciones a Caillava y dice que esa mancha de sangre supuestamente era de alguien que le hab\u00eda hecho el service\u201d; pero aclar\u00f3 que cuando pidieron informaci\u00f3n a la casa d\u00f3nde se realizan estos trabajos, les dijeron que &#8220;ese a\u00f1o no lo hab\u00edan hecho\u201d.<\/p>\n\n\n\n<p>En este sentido, Schaefer explic\u00f3: \u201cLo que dice el Ministerio P\u00fablico en este caso es pedir que se eleve a juicio respecto a los delitos por el cual fueron imputados las siete personas responsables de la sustracci\u00f3n del menor. Es decir, solamente en ese sentido&#8221;.<\/p>\n\n\n\n<p><strong>&#8220;Los que van a ser juzgados son siete personas que son responsables de la &#8216;sustracci\u00f3n del menor&#8217;<\/strong>, delito que tiene una pena de 5 a 15 a\u00f1os. Me gustar\u00eda aclarar que sigue la investigaci\u00f3n sobre d\u00f3nde est\u00e1 Loan\u201d, agreg\u00f3.<\/p>\n\n\n\n<p><strong>Qui\u00e9nes llegar\u00e1n a juicio en el caso Loan Pe\u00f1a:<\/strong><\/p>\n\n\n\n<figure class=\"wp-block-image\"><img decoding=\"async\" src=\"https:\/\/pxcdn.ellitoral.com.ar\/litoral\/062025\/1748867695747.webp?cw=807\" alt=\"Caso Loan: para el fiscal Schaefer el juicio ser\u00e1 \u201cpara fin de a\u00f1o o antes\u201d\" title=\"Caso Loan: para el fiscal Schaefer el juicio ser\u00e1 \u201cpara fin de a\u00f1o o antes\u201d-\"\/><\/figure>\n\n\n\n<ul class=\"wp-block-list\">\n<li><strong>Laudelina Pe\u00f1a:\u00a0<\/strong>es la t\u00eda paterna de Loan. Qued\u00f3 detenida en 2023 por falso testimonio ya que intent\u00f3 instalar la versi\u00f3n de que el nene hab\u00eda sido atropellado y su cuerpo hab\u00eda sido sepultado en una tumba sin marcar al costado de la ruta en Corrientes.<\/li>\n\n\n\n<li><strong>Antonio Ben\u00edtez:<\/strong>\u00a0es la pareja de Laudelina Pe\u00f1a y uno de los tres adultos que acompa\u00f1\u00f3 a Loan y otros chicos a pasear por el monte tras el almuerzo compartido en la casa de Catalina, la abuela del nene.<\/li>\n\n\n\n<li>Daniel &#8220;Fierrito&#8221; Ram\u00edrez: es amigo de Ben\u00edtez, de toda la vida, y fue se\u00f1alado como sospechoso casi desde el inicio de la investigaci\u00f3n por ser uno de los tres adultos que sali\u00f3 a caminar con Loan Pe\u00f1a despu\u00e9s del almuerzo.<\/li>\n\n\n\n<li><strong>M\u00f3nica del Carmen Millapi:<\/strong>\u00a0es la esposa de Ram\u00edrez y la tercera persona adulta que acompa\u00f1\u00f3 al grupo de chicos al monte.<\/li>\n\n\n\n<li><strong>Walter Maciel:<\/strong>\u00a0era el comisario de 9 de Julio, una localidad de 2.600 habitantes situada a 179 kil\u00f3metros de la ciudad de Corrientes. Fue desplazado de su cargo y detenido tras ser imputado por encubrimiento en el caso Loan Pe\u00f1a.<\/li>\n\n\n\n<li><strong>Mar\u00eda Victoria Caillava:<\/strong>\u00a0hasta la desaparici\u00f3n de Loan Pe\u00f1a fue funcionaria de la Municipalidad de 9 de Julio, pero qued\u00f3 desvinculada cuando los perros de la Polic\u00eda encontraron restos del olor de Loan en el auto que us\u00f3 para viajar de Corrientes a Chaco el d\u00eda despu\u00e9s de la desaparici\u00f3n del nene.<\/li>\n\n\n\n<li><strong>Carlos P\u00e9rez:<\/strong>\u00a0el capit\u00e1n retirado de la Armada es marido de Mar\u00eda Victoria Caillava y asisti\u00f3 con ella al almuerzo en lo de Catalina aquel 13 de junio de 2023, cuando Loan Pe\u00f1a fue visto por \u00faltima vez. El hombre manej\u00f3 de 9 de Julio a Resistencia al d\u00eda siguiente de la desaparici\u00f3n del nene para visitar -junto a su mujer- a la hija de ambos, que vive en Chaco.<\/li>\n<\/ul>\n\n\n\n<figure class=\"wp-block-image\"><img decoding=\"async\" src=\"https:\/\/pxcdn.ellitoral.com.ar\/litoral\/062025\/1748867694493.webp?cw=446\" alt=\"Caso Loan: para el fiscal Schaefer el juicio ser\u00e1 \u201cpara fin de a\u00f1o o antes\u201d\" title=\"Caso Loan: para el fiscal Schaefer el juicio ser\u00e1 \u201cpara fin de a\u00f1o o antes\u201d-\"\/><\/figure>\n\n\n\n<p>Los fiscales expresaron que &#8220;se tiene por acreditado&#8221; a trav\u00e9s de las pruebas recopiladas que los siete acusados participaron de alguna manera u otra en la desaparici\u00f3n de Loan Pe\u00f1a.<\/p>\n\n\n\n<p><strong>El nene fue visto por \u00faltima vez cuando corr\u00eda junto a otros chicos en un monte de naranjas<\/strong>&nbsp;cerca de la casa de su abuela Catalina, en el paraje El Algarrobal, no muy lejos de 9 de Julio.&nbsp;<strong>Hasta mayo de 2025 no se reportaron nuevos indicios de d\u00f3nde puede estar Loan Danilo Pe\u00f1a,<\/strong>&nbsp;por lo que se mantiene la hip\u00f3tesis de que puede haber sido v\u00edctima de una red de trata de personas.<\/p>\n","protected":false},"excerpt":{"rendered":"<p>A casi un a\u00f1o de la desaparici\u00f3n de Loan Pe\u00f1a en Corrientes,&nbsp;confirmaron que el juicio oral contra los siete detenidos podr\u00eda comenzar antes de diciembre y que la b\u00fasqueda sigue&hellip; <\/p>\n","protected":false},"author":1,"featured_media":183481,"comment_status":"closed","ping_status":"open","sticky":false,"template":"","format":"standard","meta":{"footnotes":""},"categories":[5],"tags":[],"class_list":["post-210630","post","type-post","status-publish","format-standard","has-post-thumbnail","hentry","category-crimen-y-justicia"],"_links":{"self":[{"href":"https:\/\/corrientesdetarde.com\/index.php\/wp-json\/wp\/v2\/posts\/210630","targetHints":{"allow":["GET"]}}],"collection":[{"href":"https:\/\/corrientesdetarde.com\/index.php\/wp-json\/wp\/v2\/posts"}],"about":[{"href":"https:\/\/corrientesdetarde.com\/index.php\/wp-json\/wp\/v2\/types\/post"}],"author":[{"embeddable":true,"href":"https:\/\/corrientesdetarde.com\/index.php\/wp-json\/wp\/v2\/users\/1"}],"replies":[{"embeddable":true,"href":"https:\/\/corrientesdetarde.com\/index.php\/wp-json\/wp\/v2\/comments?post=210630"}],"version-history":[{"count":1,"href":"https:\/\/corrientesdetarde.com\/index.php\/wp-json\/wp\/v2\/posts\/210630\/revisions"}],"predecessor-version":[{"id":210632,"href":"https:\/\/corrientesdetarde.com\/index.php\/wp-json\/wp\/v2\/posts\/210630\/revisions\/210632"}],"wp:featuredmedia":[{"embeddable":true,"href":"https:\/\/corrientesdetarde.com\/index.php\/wp-json\/wp\/v2\/media\/183481"}],"wp:attachment":[{"href":"https:\/\/corrientesdetarde.com\/index.php\/wp-json\/wp\/v2\/media?parent=210630"}],"wp:term":[{"taxonomy":"category","embeddable":true,"href":"https:\/\/corrientesdetarde.com\/index.php\/wp-json\/wp\/v2\/categories?post=210630"},{"taxonomy":"post_tag","embeddable":true,"href":"https:\/\/corrientesdetarde.com\/index.php\/wp-json\/wp\/v2\/tags?post=210630"}],"curies":[{"name":"wp","href":"https:\/\/api.w.org\/{rel}","templated":true}]}}