{"id":210636,"date":"2025-06-02T10:10:45","date_gmt":"2025-06-02T13:10:45","guid":{"rendered":"https:\/\/corrientesdetarde.com\/?p=210636"},"modified":"2025-06-02T10:11:16","modified_gmt":"2025-06-02T13:11:16","slug":"el-vicegobernador-encabezo-el-acto-con-motivo-de-un-nuevo-aniversario-de-la-republica-de-italia","status":"publish","type":"post","link":"https:\/\/corrientesdetarde.com\/index.php\/eventossociedad\/el-vicegobernador-encabezo-el-acto-con-motivo-de-un-nuevo-aniversario-de-la-republica-de-italia\/","title":{"rendered":"El Vicegobernador encabez\u00f3 el acto con motivo de un nuevo aniversario de la Rep\u00fablica de Italia"},"content":{"rendered":"\n<p><\/p>\n\n\n\n<p>El vicegobernador Pedro Braillard Poccard particip\u00f3 este lunes del acto por el 79\u00b0 aniversario de la Rep\u00fablica de Italia en el paseo c\u00e9ntrico ubicado en San Juan entre Pl\u00e1cido Mart\u00ednez y Fray J. de la Quintana.<\/p>\n\n\n\n<p>El acto dio inicio con el izamiento de las banderas de Argentina e Italia acompa\u00f1adas de la provincia de Corrientes y de la ciudad de Corrientes. Luego se entonaron los himnos nacionales de Argentina e Italia, a cargo de la Banda de la Polic\u00eda de Corrientes.<\/p>\n\n\n\n<p>En este marco, la presidente de la sociedad italiana de Corrientes, Marta Mezzi, habl\u00f3 sobre la importancia de la relaci\u00f3n entre Argentina e Italia y la celebraci\u00f3n del 79\u00ba aniversario de la Rep\u00fablica Italiana.<\/p>\n\n\n\n<p>A su turno, el Vicegobernador expres\u00f3: \u201cHomenajear a Italia es siempre algo que anida en lo m\u00e1s profundo de nuestro coraz\u00f3n, porque no solamente m\u00e1s de la mitad de la poblaci\u00f3n argentina tiene ancestros italianos, sino que adem\u00e1s nos han legado y nos transfieren permanentemente su cultura, su arte, su talento\u201d.<\/p>\n\n\n\n<p>Luego agreg\u00f3, \u201cla mayor\u00eda de los proyectos industriales que se empezaron a ver en la Argentina, en los rubros alimento, mec\u00e1nico, el\u00e9ctrico, proven\u00edan de italianos que hab\u00edan aprendido su profesi\u00f3n y su oficio en Italia y lo ven\u00edan a volcar ac\u00e1, en \u00e9sta su nueva Patria\u201d.<\/p>\n\n\n\n<p>Seguidamente toc\u00f3 un tema muy actual, el nuevo r\u00e9gimen de otorgamiento de pasaporte o ciudadan\u00eda, \u201cespero que lo resuelvan con la misma generosidad que lo hizo siempre Italia\u201d y agreg\u00f3 que Italia es un art\u00edfice fundamental en la conformaci\u00f3n de la unidad europea. Hoy est\u00e1 cuestionada la comunidad europea, est\u00e1n cuestionadas las bases mismas que dieron nacimiento a esa comunidad; y estoy seguro que Italia una vez m\u00e1s va a jugar el papel que le corresponde para llevar toda su experiencia y su sabidur\u00eda para superar esta dif\u00edcil coyuntura\u201d.<\/p>\n\n\n\n<p>Para finalizar agradeci\u00f3 la invitaci\u00f3n y expres\u00f3 \u201ces un honor todos los a\u00f1os compartir con ustedes una fecha tan trascendente. Qu\u00e9 viva Italia, qu\u00e9 viva la Argentina\u201d.<\/p>\n\n\n\n<p>Tambi\u00e9n estuvieron presentes, el viceintendente Emilio Lanari y el presidente del Concejo Deliberante, Marcos Amarilla, y referentes de las distintas colectividades.<\/p>\n\n\n\n<figure class=\"wp-block-image size-large\"><img loading=\"lazy\" decoding=\"async\" width=\"1024\" height=\"647\" src=\"https:\/\/corrientesdetarde.com\/wp-content\/uploads\/2025\/06\/image-53-1024x647.png\" alt=\"\" class=\"wp-image-210640\" srcset=\"https:\/\/corrientesdetarde.com\/wp-content\/uploads\/2025\/06\/image-53-1024x647.png 1024w, https:\/\/corrientesdetarde.com\/wp-content\/uploads\/2025\/06\/image-53-300x189.png 300w, https:\/\/corrientesdetarde.com\/wp-content\/uploads\/2025\/06\/image-53-768x485.png 768w, https:\/\/corrientesdetarde.com\/wp-content\/uploads\/2025\/06\/image-53.png 1300w\" sizes=\"auto, (max-width: 1024px) 100vw, 1024px\" \/><\/figure>\n\n\n\n<figure class=\"wp-block-image size-large\"><img loading=\"lazy\" decoding=\"async\" width=\"1024\" height=\"711\" src=\"https:\/\/corrientesdetarde.com\/wp-content\/uploads\/2025\/06\/image-51-1024x711.png\" alt=\"\" class=\"wp-image-210638\" srcset=\"https:\/\/corrientesdetarde.com\/wp-content\/uploads\/2025\/06\/image-51-1024x711.png 1024w, https:\/\/corrientesdetarde.com\/wp-content\/uploads\/2025\/06\/image-51-300x208.png 300w, https:\/\/corrientesdetarde.com\/wp-content\/uploads\/2025\/06\/image-51-768x533.png 768w, https:\/\/corrientesdetarde.com\/wp-content\/uploads\/2025\/06\/image-51.png 1258w\" sizes=\"auto, (max-width: 1024px) 100vw, 1024px\" \/><\/figure>\n\n\n\n<figure class=\"wp-block-image size-large\"><img loading=\"lazy\" decoding=\"async\" width=\"682\" height=\"1024\" src=\"https:\/\/corrientesdetarde.com\/wp-content\/uploads\/2025\/06\/Imagen-de-WhatsApp-2025-06-02-a-las-10.00.38_ec288a06-682x1024.jpg\" alt=\"\" class=\"wp-image-210637\" srcset=\"https:\/\/corrientesdetarde.com\/wp-content\/uploads\/2025\/06\/Imagen-de-WhatsApp-2025-06-02-a-las-10.00.38_ec288a06-682x1024.jpg 682w, https:\/\/corrientesdetarde.com\/wp-content\/uploads\/2025\/06\/Imagen-de-WhatsApp-2025-06-02-a-las-10.00.38_ec288a06-200x300.jpg 200w, https:\/\/corrientesdetarde.com\/wp-content\/uploads\/2025\/06\/Imagen-de-WhatsApp-2025-06-02-a-las-10.00.38_ec288a06-768x1152.jpg 768w, https:\/\/corrientesdetarde.com\/wp-content\/uploads\/2025\/06\/Imagen-de-WhatsApp-2025-06-02-a-las-10.00.38_ec288a06.jpg 853w\" sizes=\"auto, (max-width: 682px) 100vw, 682px\" \/><\/figure>\n","protected":false},"excerpt":{"rendered":"<p>El vicegobernador Pedro Braillard Poccard particip\u00f3 este lunes del acto por el 79\u00b0 aniversario de la Rep\u00fablica de Italia en el paseo c\u00e9ntrico ubicado en San Juan entre Pl\u00e1cido Mart\u00ednez&hellip; <\/p>\n","protected":false},"author":1,"featured_media":210639,"comment_status":"closed","ping_status":"open","sticky":false,"template":"","format":"standard","meta":{"footnotes":""},"categories":[1208],"tags":[],"class_list":["post-210636","post","type-post","status-publish","format-standard","has-post-thumbnail","hentry","category-eventossociedad"],"_links":{"self":[{"href":"https:\/\/corrientesdetarde.com\/index.php\/wp-json\/wp\/v2\/posts\/210636","targetHints":{"allow":["GET"]}}],"collection":[{"href":"https:\/\/corrientesdetarde.com\/index.php\/wp-json\/wp\/v2\/posts"}],"about":[{"href":"https:\/\/corrientesdetarde.com\/index.php\/wp-json\/wp\/v2\/types\/post"}],"author":[{"embeddable":true,"href":"https:\/\/corrientesdetarde.com\/index.php\/wp-json\/wp\/v2\/users\/1"}],"replies":[{"embeddable":true,"href":"https:\/\/corrientesdetarde.com\/index.php\/wp-json\/wp\/v2\/comments?post=210636"}],"version-history":[{"count":1,"href":"https:\/\/corrientesdetarde.com\/index.php\/wp-json\/wp\/v2\/posts\/210636\/revisions"}],"predecessor-version":[{"id":210641,"href":"https:\/\/corrientesdetarde.com\/index.php\/wp-json\/wp\/v2\/posts\/210636\/revisions\/210641"}],"wp:featuredmedia":[{"embeddable":true,"href":"https:\/\/corrientesdetarde.com\/index.php\/wp-json\/wp\/v2\/media\/210639"}],"wp:attachment":[{"href":"https:\/\/corrientesdetarde.com\/index.php\/wp-json\/wp\/v2\/media?parent=210636"}],"wp:term":[{"taxonomy":"category","embeddable":true,"href":"https:\/\/corrientesdetarde.com\/index.php\/wp-json\/wp\/v2\/categories?post=210636"},{"taxonomy":"post_tag","embeddable":true,"href":"https:\/\/corrientesdetarde.com\/index.php\/wp-json\/wp\/v2\/tags?post=210636"}],"curies":[{"name":"wp","href":"https:\/\/api.w.org\/{rel}","templated":true}]}}